{"id":3999,"date":"2021-04-22T09:49:09","date_gmt":"2021-04-22T09:49:09","guid":{"rendered":"https:\/\/ndavant.cat\/las-personas-profesionales-de-la-limpieza-del-ambito-hospitalario-tambien-conforman-la-primera-linea-contra-el-coronavirus\/"},"modified":"2024-07-22T19:05:59","modified_gmt":"2024-07-22T17:05:59","slug":"las-personas-profesionales-de-la-limpieza-del-ambito-hospitalario-tambien-conforman-la-primera-linea-contra-el-coronavirus","status":"publish","type":"post","link":"https:\/\/ndavant.cat\/es\/las-personas-profesionales-de-la-limpieza-del-ambito-hospitalario-tambien-conforman-la-primera-linea-contra-el-coronavirus\/","title":{"rendered":"Las personas profesionales de la limpieza del \u00e1mbito hospitalario tambi\u00e9n conforman la primera l\u00ednea contra el coronavirus"},"content":{"rendered":"<p>Las personas que conforman los equipos de limpieza del \u00e1mbito sanitario son los otros h\u00e9roes y hero\u00ednas de la pandemia. Si podemos extraer alguna lectura positiva, por m\u00ednima que sea, a esta situaci\u00f3n, es que la emergencia sanitaria ha otorgado una merecida visibilidad a profesionales tradicionalmente muy invisibles.<\/p>\n<p>Lea el art\u00edculo completo en <a href=\"https:\/\/www.lavanguardia.com\/vida\/20200417\/48563508731\/coronavirus-suelo-no-secado-paciente-habia-fallecido.html\"><strong>La Vanguardia<\/strong><\/a><\/p>\n","protected":false},"excerpt":{"rendered":"<p>Las personas que conforman los equipos de limpieza del \u00e1mbito sanitario son los otros h\u00e9roes y hero\u00ednas de la pandemia. La emergencia sanitaria ha otorgado una merecida visibilidad a profesionales tradicionalmente invisibles.<\/p>\n","protected":false},"author":1,"featured_media":5546,"comment_status":"closed","ping_status":"open","sticky":false,"template":"","format":"standard","meta":{"_bbp_topic_count":0,"_bbp_reply_count":0,"_bbp_total_topic_count":0,"_bbp_total_reply_count":0,"_bbp_voice_count":0,"_bbp_anonymous_reply_count":0,"_bbp_topic_count_hidden":0,"_bbp_reply_count_hidden":0,"_bbp_forum_subforum_count":0,"footnotes":""},"categories":[255],"tags":[],"class_list":["post-3999","post","type-post","status-publish","format-standard","has-post-thumbnail","hentry","category-limpieza-hospitalaria"],"yoast_head":"<!-- This site is optimized with the Yoast SEO plugin v27.5 - https:\/\/yoast.com\/product\/yoast-seo-wordpress\/ -->\n<title>Las personas profesionales de la limpieza del \u00e1mbito hospitalario tambi\u00e9n conforman la primera l\u00ednea contra el coronavirus - NDAVANT | Serveis de neteja, manteniment i FM\/FS<\/title>\n<meta name=\"description\" content=\"Las personas profesionales de la limpieza del \u00e1mbito hospitalario tambi\u00e9n conforman la primera l\u00ednea contra el coronavirus\" \/>\n<meta name=\"robots\" content=\"index, follow, max-snippet:-1, max-image-preview:large, max-video-preview:-1\" \/>\n<link rel=\"canonical\" href=\"https:\/\/ndavant.cat\/es\/las-personas-profesionales-de-la-limpieza-del-ambito-hospitalario-tambien-conforman-la-primera-linea-contra-el-coronavirus\/\" \/>\n<meta property=\"og:locale\" content=\"es_ES\" \/>\n<meta property=\"og:type\" content=\"article\" \/>\n<meta property=\"og:title\" content=\"Las personas profesionales de la limpieza del \u00e1mbito hospitalario tambi\u00e9n conforman la primera l\u00ednea contra el coronavirus - NDAVANT | Serveis de neteja, manteniment i FM\/FS\" \/>\n<meta property=\"og:description\" content=\"Las personas profesionales de la limpieza del \u00e1mbito hospitalario tambi\u00e9n conforman la primera l\u00ednea contra el coronavirus\" \/>\n<meta property=\"og:url\" content=\"https:\/\/ndavant.cat\/es\/las-personas-profesionales-de-la-limpieza-del-ambito-hospitalario-tambien-conforman-la-primera-linea-contra-el-coronavirus\/\" \/>\n<meta property=\"og:site_name\" content=\"NDAVANT | Serveis de neteja, manteniment i FM\/FS\" \/>\n<meta property=\"article:published_time\" content=\"2021-04-22T09:49:09+00:00\" \/>\n<meta property=\"article:modified_time\" content=\"2024-07-22T17:05:59+00:00\" \/>\n<meta property=\"og:image\" content=\"https:\/\/ndavant.cat\/wp-content\/uploads\/2021\/04\/Neteja-hospitalaria-en-situacio-de-pandemia-Covid19.jpg\" \/>\n\t<meta property=\"og:image:width\" content=\"800\" \/>\n\t<meta property=\"og:image:height\" content=\"538\" \/>\n\t<meta property=\"og:image:type\" content=\"image\/jpeg\" \/>\n<meta name=\"author\" content=\"Ndavant\" \/>\n<meta name=\"twitter:card\" content=\"summary_large_image\" \/>\n<meta name=\"twitter:creator\" content=\"@ndavant\" \/>\n<meta name=\"twitter:site\" content=\"@ndavant\" \/>\n<meta name=\"twitter:label1\" content=\"Escrito por\" \/>\n\t<meta name=\"twitter:data1\" content=\"Ndavant\" \/>\n\t<meta name=\"twitter:label2\" content=\"Tiempo de lectura\" \/>\n\t<meta name=\"twitter:data2\" content=\"1 minuto\" \/>\n<script type=\"application\/ld+json\" class=\"yoast-schema-graph\">{\"@context\":\"https:\\\/\\\/schema.org\",\"@graph\":[{\"@type\":\"Article\",\"@id\":\"https:\\\/\\\/ndavant.cat\\\/es\\\/las-personas-profesionales-de-la-limpieza-del-ambito-hospitalario-tambien-conforman-la-primera-linea-contra-el-coronavirus\\\/#article\",\"isPartOf\":{\"@id\":\"https:\\\/\\\/ndavant.cat\\\/es\\\/las-personas-profesionales-de-la-limpieza-del-ambito-hospitalario-tambien-conforman-la-primera-linea-contra-el-coronavirus\\\/\"},\"author\":{\"name\":\"Ndavant\",\"@id\":\"https:\\\/\\\/ndavant.cat\\\/es\\\/#\\\/schema\\\/person\\\/abeb7ca9ba80fea83b506476364f356f\"},\"headline\":\"Las personas profesionales de la limpieza del \u00e1mbito hospitalario tambi\u00e9n conforman la primera l\u00ednea contra el coronavirus\",\"datePublished\":\"2021-04-22T09:49:09+00:00\",\"dateModified\":\"2024-07-22T17:05:59+00:00\",\"mainEntityOfPage\":{\"@id\":\"https:\\\/\\\/ndavant.cat\\\/es\\\/las-personas-profesionales-de-la-limpieza-del-ambito-hospitalario-tambien-conforman-la-primera-linea-contra-el-coronavirus\\\/\"},\"wordCount\":79,\"publisher\":{\"@id\":\"https:\\\/\\\/ndavant.cat\\\/es\\\/#organization\"},\"image\":{\"@id\":\"https:\\\/\\\/ndavant.cat\\\/es\\\/las-personas-profesionales-de-la-limpieza-del-ambito-hospitalario-tambien-conforman-la-primera-linea-contra-el-coronavirus\\\/#primaryimage\"},\"thumbnailUrl\":\"https:\\\/\\\/ndavant.cat\\\/wp-content\\\/uploads\\\/2021\\\/04\\\/Neteja-hospitalaria-en-situacio-de-pandemia-Covid19.jpg\",\"articleSection\":[\"Limpieza hospitalaria\"],\"inLanguage\":\"es\"},{\"@type\":\"WebPage\",\"@id\":\"https:\\\/\\\/ndavant.cat\\\/es\\\/las-personas-profesionales-de-la-limpieza-del-ambito-hospitalario-tambien-conforman-la-primera-linea-contra-el-coronavirus\\\/\",\"url\":\"https:\\\/\\\/ndavant.cat\\\/es\\\/las-personas-profesionales-de-la-limpieza-del-ambito-hospitalario-tambien-conforman-la-primera-linea-contra-el-coronavirus\\\/\",\"name\":\"Las personas profesionales de la limpieza del \u00e1mbito hospitalario tambi\u00e9n conforman la primera l\u00ednea contra el coronavirus - NDAVANT | Serveis de neteja, manteniment i FM\\\/FS\",\"isPartOf\":{\"@id\":\"https:\\\/\\\/ndavant.cat\\\/es\\\/#website\"},\"primaryImageOfPage\":{\"@id\":\"https:\\\/\\\/ndavant.cat\\\/es\\\/las-personas-profesionales-de-la-limpieza-del-ambito-hospitalario-tambien-conforman-la-primera-linea-contra-el-coronavirus\\\/#primaryimage\"},\"image\":{\"@id\":\"https:\\\/\\\/ndavant.cat\\\/es\\\/las-personas-profesionales-de-la-limpieza-del-ambito-hospitalario-tambien-conforman-la-primera-linea-contra-el-coronavirus\\\/#primaryimage\"},\"thumbnailUrl\":\"https:\\\/\\\/ndavant.cat\\\/wp-content\\\/uploads\\\/2021\\\/04\\\/Neteja-hospitalaria-en-situacio-de-pandemia-Covid19.jpg\",\"datePublished\":\"2021-04-22T09:49:09+00:00\",\"dateModified\":\"2024-07-22T17:05:59+00:00\",\"description\":\"Las personas profesionales de la limpieza del \u00e1mbito hospitalario tambi\u00e9n conforman la primera l\u00ednea contra el coronavirus\",\"breadcrumb\":{\"@id\":\"https:\\\/\\\/ndavant.cat\\\/es\\\/las-personas-profesionales-de-la-limpieza-del-ambito-hospitalario-tambien-conforman-la-primera-linea-contra-el-coronavirus\\\/#breadcrumb\"},\"inLanguage\":\"es\",\"potentialAction\":[{\"@type\":\"ReadAction\",\"target\":[\"https:\\\/\\\/ndavant.cat\\\/es\\\/las-personas-profesionales-de-la-limpieza-del-ambito-hospitalario-tambien-conforman-la-primera-linea-contra-el-coronavirus\\\/\"]}]},{\"@type\":\"ImageObject\",\"inLanguage\":\"es\",\"@id\":\"https:\\\/\\\/ndavant.cat\\\/es\\\/las-personas-profesionales-de-la-limpieza-del-ambito-hospitalario-tambien-conforman-la-primera-linea-contra-el-coronavirus\\\/#primaryimage\",\"url\":\"https:\\\/\\\/ndavant.cat\\\/wp-content\\\/uploads\\\/2021\\\/04\\\/Neteja-hospitalaria-en-situacio-de-pandemia-Covid19.jpg\",\"contentUrl\":\"https:\\\/\\\/ndavant.cat\\\/wp-content\\\/uploads\\\/2021\\\/04\\\/Neteja-hospitalaria-en-situacio-de-pandemia-Covid19.jpg\",\"width\":800,\"height\":538,\"caption\":\"Neteja hospital\u00e0ria en situaci\u00f3 de pand\u00e8mia Covid19\"},{\"@type\":\"BreadcrumbList\",\"@id\":\"https:\\\/\\\/ndavant.cat\\\/es\\\/las-personas-profesionales-de-la-limpieza-del-ambito-hospitalario-tambien-conforman-la-primera-linea-contra-el-coronavirus\\\/#breadcrumb\",\"itemListElement\":[{\"@type\":\"ListItem\",\"position\":1,\"name\":\"Inici\",\"item\":\"https:\\\/\\\/ndavant.cat\\\/es\\\/\"},{\"@type\":\"ListItem\",\"position\":2,\"name\":\"Las personas profesionales de la limpieza del \u00e1mbito hospitalario tambi\u00e9n conforman la primera l\u00ednea contra el coronavirus\"}]},{\"@type\":\"WebSite\",\"@id\":\"https:\\\/\\\/ndavant.cat\\\/es\\\/#website\",\"url\":\"https:\\\/\\\/ndavant.cat\\\/es\\\/\",\"name\":\"NDAVANT | Serveis de neteja, manteniment i FM\\\/FS\",\"description\":\"Empresa de serveis de neteja, manteniment i facility services \\\/ facility management\",\"publisher\":{\"@id\":\"https:\\\/\\\/ndavant.cat\\\/es\\\/#organization\"},\"potentialAction\":[{\"@type\":\"SearchAction\",\"target\":{\"@type\":\"EntryPoint\",\"urlTemplate\":\"https:\\\/\\\/ndavant.cat\\\/es\\\/?s={search_term_string}\"},\"query-input\":{\"@type\":\"PropertyValueSpecification\",\"valueRequired\":true,\"valueName\":\"search_term_string\"}}],\"inLanguage\":\"es\"},{\"@type\":\"Organization\",\"@id\":\"https:\\\/\\\/ndavant.cat\\\/es\\\/#organization\",\"name\":\"Ndavant\",\"url\":\"https:\\\/\\\/ndavant.cat\\\/es\\\/\",\"logo\":{\"@type\":\"ImageObject\",\"inLanguage\":\"es\",\"@id\":\"https:\\\/\\\/ndavant.cat\\\/es\\\/#\\\/schema\\\/logo\\\/image\\\/\",\"url\":\"https:\\\/\\\/ndavant.cat\\\/wp-content\\\/uploads\\\/2020\\\/05\\\/Logo-oficial-Ndavant.jpg\",\"contentUrl\":\"https:\\\/\\\/ndavant.cat\\\/wp-content\\\/uploads\\\/2020\\\/05\\\/Logo-oficial-Ndavant.jpg\",\"width\":451,\"height\":451,\"caption\":\"Ndavant\"},\"image\":{\"@id\":\"https:\\\/\\\/ndavant.cat\\\/es\\\/#\\\/schema\\\/logo\\\/image\\\/\"},\"sameAs\":[\"https:\\\/\\\/x.com\\\/ndavant\",\"https:\\\/\\\/www.linkedin.com\\\/company\\\/10988666\\\/\"]},{\"@type\":\"Person\",\"@id\":\"https:\\\/\\\/ndavant.cat\\\/es\\\/#\\\/schema\\\/person\\\/abeb7ca9ba80fea83b506476364f356f\",\"name\":\"Ndavant\",\"image\":{\"@type\":\"ImageObject\",\"inLanguage\":\"es\",\"@id\":\"https:\\\/\\\/secure.gravatar.com\\\/avatar\\\/e4a11cb61a1cf988b5ee40b636bdf7455ab3827d42af0fa3a08c07b3ada7ee8d?s=96&d=mm&r=g\",\"url\":\"https:\\\/\\\/secure.gravatar.com\\\/avatar\\\/e4a11cb61a1cf988b5ee40b636bdf7455ab3827d42af0fa3a08c07b3ada7ee8d?s=96&d=mm&r=g\",\"contentUrl\":\"https:\\\/\\\/secure.gravatar.com\\\/avatar\\\/e4a11cb61a1cf988b5ee40b636bdf7455ab3827d42af0fa3a08c07b3ada7ee8d?s=96&d=mm&r=g\",\"caption\":\"Ndavant\"}}]}<\/script>\n<!-- \/ Yoast SEO plugin. -->","yoast_head_json":{"title":"Las personas profesionales de la limpieza del \u00e1mbito hospitalario tambi\u00e9n conforman la primera l\u00ednea contra el coronavirus - NDAVANT | Serveis de neteja, manteniment i FM\/FS","description":"Las personas profesionales de la limpieza del \u00e1mbito hospitalario tambi\u00e9n conforman la primera l\u00ednea contra el coronavirus","robots":{"index":"index","follow":"follow","max-snippet":"max-snippet:-1","max-image-preview":"max-image-preview:large","max-video-preview":"max-video-preview:-1"},"canonical":"https:\/\/ndavant.cat\/es\/las-personas-profesionales-de-la-limpieza-del-ambito-hospitalario-tambien-conforman-la-primera-linea-contra-el-coronavirus\/","og_locale":"es_ES","og_type":"article","og_title":"Las personas profesionales de la limpieza del \u00e1mbito hospitalario tambi\u00e9n conforman la primera l\u00ednea contra el coronavirus - NDAVANT | Serveis de neteja, manteniment i FM\/FS","og_description":"Las personas profesionales de la limpieza del \u00e1mbito hospitalario tambi\u00e9n conforman la primera l\u00ednea contra el coronavirus","og_url":"https:\/\/ndavant.cat\/es\/las-personas-profesionales-de-la-limpieza-del-ambito-hospitalario-tambien-conforman-la-primera-linea-contra-el-coronavirus\/","og_site_name":"NDAVANT | Serveis de neteja, manteniment i FM\/FS","article_published_time":"2021-04-22T09:49:09+00:00","article_modified_time":"2024-07-22T17:05:59+00:00","og_image":[{"width":800,"height":538,"url":"https:\/\/ndavant.cat\/wp-content\/uploads\/2021\/04\/Neteja-hospitalaria-en-situacio-de-pandemia-Covid19.jpg","type":"image\/jpeg"}],"author":"Ndavant","twitter_card":"summary_large_image","twitter_creator":"@ndavant","twitter_site":"@ndavant","twitter_misc":{"Escrito por":"Ndavant","Tiempo de lectura":"1 minuto"},"schema":{"@context":"https:\/\/schema.org","@graph":[{"@type":"Article","@id":"https:\/\/ndavant.cat\/es\/las-personas-profesionales-de-la-limpieza-del-ambito-hospitalario-tambien-conforman-la-primera-linea-contra-el-coronavirus\/#article","isPartOf":{"@id":"https:\/\/ndavant.cat\/es\/las-personas-profesionales-de-la-limpieza-del-ambito-hospitalario-tambien-conforman-la-primera-linea-contra-el-coronavirus\/"},"author":{"name":"Ndavant","@id":"https:\/\/ndavant.cat\/es\/#\/schema\/person\/abeb7ca9ba80fea83b506476364f356f"},"headline":"Las personas profesionales de la limpieza del \u00e1mbito hospitalario tambi\u00e9n conforman la primera l\u00ednea contra el coronavirus","datePublished":"2021-04-22T09:49:09+00:00","dateModified":"2024-07-22T17:05:59+00:00","mainEntityOfPage":{"@id":"https:\/\/ndavant.cat\/es\/las-personas-profesionales-de-la-limpieza-del-ambito-hospitalario-tambien-conforman-la-primera-linea-contra-el-coronavirus\/"},"wordCount":79,"publisher":{"@id":"https:\/\/ndavant.cat\/es\/#organization"},"image":{"@id":"https:\/\/ndavant.cat\/es\/las-personas-profesionales-de-la-limpieza-del-ambito-hospitalario-tambien-conforman-la-primera-linea-contra-el-coronavirus\/#primaryimage"},"thumbnailUrl":"https:\/\/ndavant.cat\/wp-content\/uploads\/2021\/04\/Neteja-hospitalaria-en-situacio-de-pandemia-Covid19.jpg","articleSection":["Limpieza hospitalaria"],"inLanguage":"es"},{"@type":"WebPage","@id":"https:\/\/ndavant.cat\/es\/las-personas-profesionales-de-la-limpieza-del-ambito-hospitalario-tambien-conforman-la-primera-linea-contra-el-coronavirus\/","url":"https:\/\/ndavant.cat\/es\/las-personas-profesionales-de-la-limpieza-del-ambito-hospitalario-tambien-conforman-la-primera-linea-contra-el-coronavirus\/","name":"Las personas profesionales de la limpieza del \u00e1mbito hospitalario tambi\u00e9n conforman la primera l\u00ednea contra el coronavirus - NDAVANT | Serveis de neteja, manteniment i FM\/FS","isPartOf":{"@id":"https:\/\/ndavant.cat\/es\/#website"},"primaryImageOfPage":{"@id":"https:\/\/ndavant.cat\/es\/las-personas-profesionales-de-la-limpieza-del-ambito-hospitalario-tambien-conforman-la-primera-linea-contra-el-coronavirus\/#primaryimage"},"image":{"@id":"https:\/\/ndavant.cat\/es\/las-personas-profesionales-de-la-limpieza-del-ambito-hospitalario-tambien-conforman-la-primera-linea-contra-el-coronavirus\/#primaryimage"},"thumbnailUrl":"https:\/\/ndavant.cat\/wp-content\/uploads\/2021\/04\/Neteja-hospitalaria-en-situacio-de-pandemia-Covid19.jpg","datePublished":"2021-04-22T09:49:09+00:00","dateModified":"2024-07-22T17:05:59+00:00","description":"Las personas profesionales de la limpieza del \u00e1mbito hospitalario tambi\u00e9n conforman la primera l\u00ednea contra el coronavirus","breadcrumb":{"@id":"https:\/\/ndavant.cat\/es\/las-personas-profesionales-de-la-limpieza-del-ambito-hospitalario-tambien-conforman-la-primera-linea-contra-el-coronavirus\/#breadcrumb"},"inLanguage":"es","potentialAction":[{"@type":"ReadAction","target":["https:\/\/ndavant.cat\/es\/las-personas-profesionales-de-la-limpieza-del-ambito-hospitalario-tambien-conforman-la-primera-linea-contra-el-coronavirus\/"]}]},{"@type":"ImageObject","inLanguage":"es","@id":"https:\/\/ndavant.cat\/es\/las-personas-profesionales-de-la-limpieza-del-ambito-hospitalario-tambien-conforman-la-primera-linea-contra-el-coronavirus\/#primaryimage","url":"https:\/\/ndavant.cat\/wp-content\/uploads\/2021\/04\/Neteja-hospitalaria-en-situacio-de-pandemia-Covid19.jpg","contentUrl":"https:\/\/ndavant.cat\/wp-content\/uploads\/2021\/04\/Neteja-hospitalaria-en-situacio-de-pandemia-Covid19.jpg","width":800,"height":538,"caption":"Neteja hospital\u00e0ria en situaci\u00f3 de pand\u00e8mia Covid19"},{"@type":"BreadcrumbList","@id":"https:\/\/ndavant.cat\/es\/las-personas-profesionales-de-la-limpieza-del-ambito-hospitalario-tambien-conforman-la-primera-linea-contra-el-coronavirus\/#breadcrumb","itemListElement":[{"@type":"ListItem","position":1,"name":"Inici","item":"https:\/\/ndavant.cat\/es\/"},{"@type":"ListItem","position":2,"name":"Las personas profesionales de la limpieza del \u00e1mbito hospitalario tambi\u00e9n conforman la primera l\u00ednea contra el coronavirus"}]},{"@type":"WebSite","@id":"https:\/\/ndavant.cat\/es\/#website","url":"https:\/\/ndavant.cat\/es\/","name":"NDAVANT | Serveis de neteja, manteniment i FM\/FS","description":"Empresa de serveis de neteja, manteniment i facility services \/ facility management","publisher":{"@id":"https:\/\/ndavant.cat\/es\/#organization"},"potentialAction":[{"@type":"SearchAction","target":{"@type":"EntryPoint","urlTemplate":"https:\/\/ndavant.cat\/es\/?s={search_term_string}"},"query-input":{"@type":"PropertyValueSpecification","valueRequired":true,"valueName":"search_term_string"}}],"inLanguage":"es"},{"@type":"Organization","@id":"https:\/\/ndavant.cat\/es\/#organization","name":"Ndavant","url":"https:\/\/ndavant.cat\/es\/","logo":{"@type":"ImageObject","inLanguage":"es","@id":"https:\/\/ndavant.cat\/es\/#\/schema\/logo\/image\/","url":"https:\/\/ndavant.cat\/wp-content\/uploads\/2020\/05\/Logo-oficial-Ndavant.jpg","contentUrl":"https:\/\/ndavant.cat\/wp-content\/uploads\/2020\/05\/Logo-oficial-Ndavant.jpg","width":451,"height":451,"caption":"Ndavant"},"image":{"@id":"https:\/\/ndavant.cat\/es\/#\/schema\/logo\/image\/"},"sameAs":["https:\/\/x.com\/ndavant","https:\/\/www.linkedin.com\/company\/10988666\/"]},{"@type":"Person","@id":"https:\/\/ndavant.cat\/es\/#\/schema\/person\/abeb7ca9ba80fea83b506476364f356f","name":"Ndavant","image":{"@type":"ImageObject","inLanguage":"es","@id":"https:\/\/secure.gravatar.com\/avatar\/e4a11cb61a1cf988b5ee40b636bdf7455ab3827d42af0fa3a08c07b3ada7ee8d?s=96&d=mm&r=g","url":"https:\/\/secure.gravatar.com\/avatar\/e4a11cb61a1cf988b5ee40b636bdf7455ab3827d42af0fa3a08c07b3ada7ee8d?s=96&d=mm&r=g","contentUrl":"https:\/\/secure.gravatar.com\/avatar\/e4a11cb61a1cf988b5ee40b636bdf7455ab3827d42af0fa3a08c07b3ada7ee8d?s=96&d=mm&r=g","caption":"Ndavant"}}]}},"_links":{"self":[{"href":"https:\/\/ndavant.cat\/es\/wp-json\/wp\/v2\/posts\/3999","targetHints":{"allow":["GET"]}}],"collection":[{"href":"https:\/\/ndavant.cat\/es\/wp-json\/wp\/v2\/posts"}],"about":[{"href":"https:\/\/ndavant.cat\/es\/wp-json\/wp\/v2\/types\/post"}],"author":[{"embeddable":true,"href":"https:\/\/ndavant.cat\/es\/wp-json\/wp\/v2\/users\/1"}],"replies":[{"embeddable":true,"href":"https:\/\/ndavant.cat\/es\/wp-json\/wp\/v2\/comments?post=3999"}],"version-history":[{"count":4,"href":"https:\/\/ndavant.cat\/es\/wp-json\/wp\/v2\/posts\/3999\/revisions"}],"predecessor-version":[{"id":4205,"href":"https:\/\/ndavant.cat\/es\/wp-json\/wp\/v2\/posts\/3999\/revisions\/4205"}],"wp:featuredmedia":[{"embeddable":true,"href":"https:\/\/ndavant.cat\/es\/wp-json\/wp\/v2\/media\/5546"}],"wp:attachment":[{"href":"https:\/\/ndavant.cat\/es\/wp-json\/wp\/v2\/media?parent=3999"}],"wp:term":[{"taxonomy":"category","embeddable":true,"href":"https:\/\/ndavant.cat\/es\/wp-json\/wp\/v2\/categories?post=3999"},{"taxonomy":"post_tag","embeddable":true,"href":"https:\/\/ndavant.cat\/es\/wp-json\/wp\/v2\/tags?post=3999"}],"curies":[{"name":"wp","href":"https:\/\/api.w.org\/{rel}","templated":true}]}}