{"id":4646,"date":"2021-11-29T11:19:16","date_gmt":"2021-11-29T10:19:16","guid":{"rendered":"https:\/\/ndavant.cat\/?p=4646"},"modified":"2021-11-29T11:23:41","modified_gmt":"2021-11-29T10:23:41","slug":"ndavant-organiza-iniciativa-concienciar-violencia-genereo","status":"publish","type":"post","link":"https:\/\/ndavant.cat\/es\/ndavant-organiza-iniciativa-concienciar-violencia-genereo\/","title":{"rendered":"Ndavant organiza la iniciativa \u201cComparte un pensamiento\u201d para concienciar a los j\u00f3venes sobre la violencia de g\u00e9nero"},"content":{"rendered":"<p>La actividad se ha llevado a cabo en los campus de la <strong>Universitat Pompeu Fabra (UPF)<\/strong> y de la <strong>Universitat Aut\u00f2noma de Barcelona (UAB)<\/strong> para dar visibilidad entre los y los estudiantes a la desigualdad de oportunidades entre g\u00e9neros.<\/p>\n<p>Lee el art\u00edculo completo en <strong>Corresponsables<\/strong>: <a href=\"https:\/\/www.corresponsables.com\/actualidad\/ndavant-organiza-iniciativa-comparte-pensamiento-concienciar-jovenes-violencia-genero\" target=\"_blank\" rel=\"noopener\">https:\/\/www.corresponsables.com\/actualidad\/ndavant-organiza-iniciativa-comparte-pensamiento-concienciar-jovenes-violencia-genero<\/a><\/p>\n","protected":false},"excerpt":{"rendered":"<p>La actividad se ha llevado a cabo en los campus de la Universitat Pompeu Fabra (UPF) y de la Universitat Aut\u00f2noma de Barcelona (UAB) para dar visibilidad entre los y los estudiantes a la desigualdad de oportunidades entre g\u00e9neros. Lee el art\u00edculo completo en Corresponsables: https:\/\/www.corresponsables.com\/actualidad\/ndavant-organiza-iniciativa-comparte-pensamiento-concienciar-jovenes-violencia-genero<\/p>\n","protected":false},"author":1,"featured_media":4640,"comment_status":"closed","ping_status":"open","sticky":false,"template":"","format":"standard","meta":{"_bbp_topic_count":0,"_bbp_reply_count":0,"_bbp_total_topic_count":0,"_bbp_total_reply_count":0,"_bbp_voice_count":0,"_bbp_anonymous_reply_count":0,"_bbp_topic_count_hidden":0,"_bbp_reply_count_hidden":0,"_bbp_forum_subforum_count":0,"footnotes":""},"categories":[295],"tags":[308,309,306,307],"class_list":["post-4646","post","type-post","status-publish","format-standard","has-post-thumbnail","hentry","category-responsabilidad-social","tag-eliminacion-violencia-genero","tag-igualdad","tag-rsc-es","tag-universidades"],"yoast_head":"<!-- This site is optimized with the Yoast SEO plugin v27.5 - https:\/\/yoast.com\/product\/yoast-seo-wordpress\/ -->\n<title>Ndavant organiza la iniciativa \u201cComparte un pensamiento\u201d para concienciar a los j\u00f3venes sobre la violencia de g\u00e9nero - NDAVANT | Serveis de neteja, manteniment i FM\/FS<\/title>\n<meta name=\"robots\" content=\"index, follow, max-snippet:-1, max-image-preview:large, max-video-preview:-1\" \/>\n<link rel=\"canonical\" href=\"https:\/\/ndavant.cat\/es\/ndavant-organiza-iniciativa-concienciar-violencia-genereo\/\" \/>\n<meta property=\"og:locale\" content=\"es_ES\" \/>\n<meta property=\"og:type\" content=\"article\" \/>\n<meta property=\"og:title\" content=\"Ndavant organiza la iniciativa \u201cComparte un pensamiento\u201d para concienciar a los j\u00f3venes sobre la violencia de g\u00e9nero - NDAVANT | Serveis de neteja, manteniment i FM\/FS\" \/>\n<meta property=\"og:description\" content=\"La actividad se ha llevado a cabo en los campus de la Universitat Pompeu Fabra (UPF) y de la Universitat Aut\u00f2noma de Barcelona (UAB) para dar visibilidad entre los y los estudiantes a la desigualdad de oportunidades entre g\u00e9neros. Lee el art\u00edculo completo en Corresponsables: https:\/\/www.corresponsables.com\/actualidad\/ndavant-organiza-iniciativa-comparte-pensamiento-concienciar-jovenes-violencia-genero\" \/>\n<meta property=\"og:url\" content=\"https:\/\/ndavant.cat\/es\/ndavant-organiza-iniciativa-concienciar-violencia-genereo\/\" \/>\n<meta property=\"og:site_name\" content=\"NDAVANT | Serveis de neteja, manteniment i FM\/FS\" \/>\n<meta property=\"article:published_time\" content=\"2021-11-29T10:19:16+00:00\" \/>\n<meta property=\"article:modified_time\" content=\"2021-11-29T10:23:41+00:00\" \/>\n<meta property=\"og:image\" content=\"https:\/\/ndavant.cat\/wp-content\/uploads\/2021\/11\/Campanya-solidaria-de-Ndavant-amb-UAB-i-UPF-contra-la-violencia-de-genere.jpg\" \/>\n\t<meta property=\"og:image:width\" content=\"800\" \/>\n\t<meta property=\"og:image:height\" content=\"538\" \/>\n\t<meta property=\"og:image:type\" content=\"image\/jpeg\" \/>\n<meta name=\"author\" content=\"Ndavant\" \/>\n<meta name=\"twitter:card\" content=\"summary_large_image\" \/>\n<meta name=\"twitter:creator\" content=\"@ndavant\" \/>\n<meta name=\"twitter:site\" content=\"@ndavant\" \/>\n<meta name=\"twitter:label1\" content=\"Escrito por\" \/>\n\t<meta name=\"twitter:data1\" content=\"Ndavant\" \/>\n\t<meta name=\"twitter:label2\" content=\"Tiempo de lectura\" \/>\n\t<meta name=\"twitter:data2\" content=\"1 minuto\" \/>\n<script type=\"application\/ld+json\" class=\"yoast-schema-graph\">{\"@context\":\"https:\\\/\\\/schema.org\",\"@graph\":[{\"@type\":\"Article\",\"@id\":\"https:\\\/\\\/ndavant.cat\\\/es\\\/ndavant-organiza-iniciativa-concienciar-violencia-genereo\\\/#article\",\"isPartOf\":{\"@id\":\"https:\\\/\\\/ndavant.cat\\\/es\\\/ndavant-organiza-iniciativa-concienciar-violencia-genereo\\\/\"},\"author\":{\"name\":\"Ndavant\",\"@id\":\"https:\\\/\\\/ndavant.cat\\\/es\\\/#\\\/schema\\\/person\\\/abeb7ca9ba80fea83b506476364f356f\"},\"headline\":\"Ndavant organiza la iniciativa \u201cComparte un pensamiento\u201d para concienciar a los j\u00f3venes sobre la violencia de g\u00e9nero\",\"datePublished\":\"2021-11-29T10:19:16+00:00\",\"dateModified\":\"2021-11-29T10:23:41+00:00\",\"mainEntityOfPage\":{\"@id\":\"https:\\\/\\\/ndavant.cat\\\/es\\\/ndavant-organiza-iniciativa-concienciar-violencia-genereo\\\/\"},\"wordCount\":73,\"publisher\":{\"@id\":\"https:\\\/\\\/ndavant.cat\\\/es\\\/#organization\"},\"image\":{\"@id\":\"https:\\\/\\\/ndavant.cat\\\/es\\\/ndavant-organiza-iniciativa-concienciar-violencia-genereo\\\/#primaryimage\"},\"thumbnailUrl\":\"https:\\\/\\\/ndavant.cat\\\/wp-content\\\/uploads\\\/2021\\\/11\\\/Campanya-solidaria-de-Ndavant-amb-UAB-i-UPF-contra-la-violencia-de-genere.jpg\",\"keywords\":[\"eliminaci\u00f3n de la violencia de g\u00e9nero\",\"igualdad\",\"RSC\",\"Universidades\"],\"articleSection\":[\"Responsabilidad Social\"],\"inLanguage\":\"es\"},{\"@type\":\"WebPage\",\"@id\":\"https:\\\/\\\/ndavant.cat\\\/es\\\/ndavant-organiza-iniciativa-concienciar-violencia-genereo\\\/\",\"url\":\"https:\\\/\\\/ndavant.cat\\\/es\\\/ndavant-organiza-iniciativa-concienciar-violencia-genereo\\\/\",\"name\":\"Ndavant organiza la iniciativa \u201cComparte un pensamiento\u201d para concienciar a los j\u00f3venes sobre la violencia de g\u00e9nero - NDAVANT | Serveis de neteja, manteniment i FM\\\/FS\",\"isPartOf\":{\"@id\":\"https:\\\/\\\/ndavant.cat\\\/es\\\/#website\"},\"primaryImageOfPage\":{\"@id\":\"https:\\\/\\\/ndavant.cat\\\/es\\\/ndavant-organiza-iniciativa-concienciar-violencia-genereo\\\/#primaryimage\"},\"image\":{\"@id\":\"https:\\\/\\\/ndavant.cat\\\/es\\\/ndavant-organiza-iniciativa-concienciar-violencia-genereo\\\/#primaryimage\"},\"thumbnailUrl\":\"https:\\\/\\\/ndavant.cat\\\/wp-content\\\/uploads\\\/2021\\\/11\\\/Campanya-solidaria-de-Ndavant-amb-UAB-i-UPF-contra-la-violencia-de-genere.jpg\",\"datePublished\":\"2021-11-29T10:19:16+00:00\",\"dateModified\":\"2021-11-29T10:23:41+00:00\",\"breadcrumb\":{\"@id\":\"https:\\\/\\\/ndavant.cat\\\/es\\\/ndavant-organiza-iniciativa-concienciar-violencia-genereo\\\/#breadcrumb\"},\"inLanguage\":\"es\",\"potentialAction\":[{\"@type\":\"ReadAction\",\"target\":[\"https:\\\/\\\/ndavant.cat\\\/es\\\/ndavant-organiza-iniciativa-concienciar-violencia-genereo\\\/\"]}]},{\"@type\":\"ImageObject\",\"inLanguage\":\"es\",\"@id\":\"https:\\\/\\\/ndavant.cat\\\/es\\\/ndavant-organiza-iniciativa-concienciar-violencia-genereo\\\/#primaryimage\",\"url\":\"https:\\\/\\\/ndavant.cat\\\/wp-content\\\/uploads\\\/2021\\\/11\\\/Campanya-solidaria-de-Ndavant-amb-UAB-i-UPF-contra-la-violencia-de-genere.jpg\",\"contentUrl\":\"https:\\\/\\\/ndavant.cat\\\/wp-content\\\/uploads\\\/2021\\\/11\\\/Campanya-solidaria-de-Ndavant-amb-UAB-i-UPF-contra-la-violencia-de-genere.jpg\",\"width\":800,\"height\":538,\"caption\":\"Campanya solid\u00e0ria de Ndavant amb UAB i UPF contra la viol\u00e8ncia de g\u00e8nere\"},{\"@type\":\"BreadcrumbList\",\"@id\":\"https:\\\/\\\/ndavant.cat\\\/es\\\/ndavant-organiza-iniciativa-concienciar-violencia-genereo\\\/#breadcrumb\",\"itemListElement\":[{\"@type\":\"ListItem\",\"position\":1,\"name\":\"Inici\",\"item\":\"https:\\\/\\\/ndavant.cat\\\/es\\\/\"},{\"@type\":\"ListItem\",\"position\":2,\"name\":\"Ndavant organiza la iniciativa \u201cComparte un pensamiento\u201d para concienciar a los j\u00f3venes sobre la violencia de g\u00e9nero\"}]},{\"@type\":\"WebSite\",\"@id\":\"https:\\\/\\\/ndavant.cat\\\/es\\\/#website\",\"url\":\"https:\\\/\\\/ndavant.cat\\\/es\\\/\",\"name\":\"NDAVANT | Serveis de neteja, manteniment i FM\\\/FS\",\"description\":\"Empresa de serveis de neteja, manteniment i facility services \\\/ facility management\",\"publisher\":{\"@id\":\"https:\\\/\\\/ndavant.cat\\\/es\\\/#organization\"},\"potentialAction\":[{\"@type\":\"SearchAction\",\"target\":{\"@type\":\"EntryPoint\",\"urlTemplate\":\"https:\\\/\\\/ndavant.cat\\\/es\\\/?s={search_term_string}\"},\"query-input\":{\"@type\":\"PropertyValueSpecification\",\"valueRequired\":true,\"valueName\":\"search_term_string\"}}],\"inLanguage\":\"es\"},{\"@type\":\"Organization\",\"@id\":\"https:\\\/\\\/ndavant.cat\\\/es\\\/#organization\",\"name\":\"Ndavant\",\"url\":\"https:\\\/\\\/ndavant.cat\\\/es\\\/\",\"logo\":{\"@type\":\"ImageObject\",\"inLanguage\":\"es\",\"@id\":\"https:\\\/\\\/ndavant.cat\\\/es\\\/#\\\/schema\\\/logo\\\/image\\\/\",\"url\":\"https:\\\/\\\/ndavant.cat\\\/wp-content\\\/uploads\\\/2020\\\/05\\\/Logo-oficial-Ndavant.jpg\",\"contentUrl\":\"https:\\\/\\\/ndavant.cat\\\/wp-content\\\/uploads\\\/2020\\\/05\\\/Logo-oficial-Ndavant.jpg\",\"width\":451,\"height\":451,\"caption\":\"Ndavant\"},\"image\":{\"@id\":\"https:\\\/\\\/ndavant.cat\\\/es\\\/#\\\/schema\\\/logo\\\/image\\\/\"},\"sameAs\":[\"https:\\\/\\\/x.com\\\/ndavant\",\"https:\\\/\\\/www.linkedin.com\\\/company\\\/10988666\\\/\"]},{\"@type\":\"Person\",\"@id\":\"https:\\\/\\\/ndavant.cat\\\/es\\\/#\\\/schema\\\/person\\\/abeb7ca9ba80fea83b506476364f356f\",\"name\":\"Ndavant\",\"image\":{\"@type\":\"ImageObject\",\"inLanguage\":\"es\",\"@id\":\"https:\\\/\\\/secure.gravatar.com\\\/avatar\\\/e4a11cb61a1cf988b5ee40b636bdf7455ab3827d42af0fa3a08c07b3ada7ee8d?s=96&d=mm&r=g\",\"url\":\"https:\\\/\\\/secure.gravatar.com\\\/avatar\\\/e4a11cb61a1cf988b5ee40b636bdf7455ab3827d42af0fa3a08c07b3ada7ee8d?s=96&d=mm&r=g\",\"contentUrl\":\"https:\\\/\\\/secure.gravatar.com\\\/avatar\\\/e4a11cb61a1cf988b5ee40b636bdf7455ab3827d42af0fa3a08c07b3ada7ee8d?s=96&d=mm&r=g\",\"caption\":\"Ndavant\"}}]}<\/script>\n<!-- \/ Yoast SEO plugin. -->","yoast_head_json":{"title":"Ndavant organiza la iniciativa \u201cComparte un pensamiento\u201d para concienciar a los j\u00f3venes sobre la violencia de g\u00e9nero - NDAVANT | Serveis de neteja, manteniment i FM\/FS","robots":{"index":"index","follow":"follow","max-snippet":"max-snippet:-1","max-image-preview":"max-image-preview:large","max-video-preview":"max-video-preview:-1"},"canonical":"https:\/\/ndavant.cat\/es\/ndavant-organiza-iniciativa-concienciar-violencia-genereo\/","og_locale":"es_ES","og_type":"article","og_title":"Ndavant organiza la iniciativa \u201cComparte un pensamiento\u201d para concienciar a los j\u00f3venes sobre la violencia de g\u00e9nero - NDAVANT | Serveis de neteja, manteniment i FM\/FS","og_description":"La actividad se ha llevado a cabo en los campus de la Universitat Pompeu Fabra (UPF) y de la Universitat Aut\u00f2noma de Barcelona (UAB) para dar visibilidad entre los y los estudiantes a la desigualdad de oportunidades entre g\u00e9neros. Lee el art\u00edculo completo en Corresponsables: https:\/\/www.corresponsables.com\/actualidad\/ndavant-organiza-iniciativa-comparte-pensamiento-concienciar-jovenes-violencia-genero","og_url":"https:\/\/ndavant.cat\/es\/ndavant-organiza-iniciativa-concienciar-violencia-genereo\/","og_site_name":"NDAVANT | Serveis de neteja, manteniment i FM\/FS","article_published_time":"2021-11-29T10:19:16+00:00","article_modified_time":"2021-11-29T10:23:41+00:00","og_image":[{"width":800,"height":538,"url":"https:\/\/ndavant.cat\/wp-content\/uploads\/2021\/11\/Campanya-solidaria-de-Ndavant-amb-UAB-i-UPF-contra-la-violencia-de-genere.jpg","type":"image\/jpeg"}],"author":"Ndavant","twitter_card":"summary_large_image","twitter_creator":"@ndavant","twitter_site":"@ndavant","twitter_misc":{"Escrito por":"Ndavant","Tiempo de lectura":"1 minuto"},"schema":{"@context":"https:\/\/schema.org","@graph":[{"@type":"Article","@id":"https:\/\/ndavant.cat\/es\/ndavant-organiza-iniciativa-concienciar-violencia-genereo\/#article","isPartOf":{"@id":"https:\/\/ndavant.cat\/es\/ndavant-organiza-iniciativa-concienciar-violencia-genereo\/"},"author":{"name":"Ndavant","@id":"https:\/\/ndavant.cat\/es\/#\/schema\/person\/abeb7ca9ba80fea83b506476364f356f"},"headline":"Ndavant organiza la iniciativa \u201cComparte un pensamiento\u201d para concienciar a los j\u00f3venes sobre la violencia de g\u00e9nero","datePublished":"2021-11-29T10:19:16+00:00","dateModified":"2021-11-29T10:23:41+00:00","mainEntityOfPage":{"@id":"https:\/\/ndavant.cat\/es\/ndavant-organiza-iniciativa-concienciar-violencia-genereo\/"},"wordCount":73,"publisher":{"@id":"https:\/\/ndavant.cat\/es\/#organization"},"image":{"@id":"https:\/\/ndavant.cat\/es\/ndavant-organiza-iniciativa-concienciar-violencia-genereo\/#primaryimage"},"thumbnailUrl":"https:\/\/ndavant.cat\/wp-content\/uploads\/2021\/11\/Campanya-solidaria-de-Ndavant-amb-UAB-i-UPF-contra-la-violencia-de-genere.jpg","keywords":["eliminaci\u00f3n de la violencia de g\u00e9nero","igualdad","RSC","Universidades"],"articleSection":["Responsabilidad Social"],"inLanguage":"es"},{"@type":"WebPage","@id":"https:\/\/ndavant.cat\/es\/ndavant-organiza-iniciativa-concienciar-violencia-genereo\/","url":"https:\/\/ndavant.cat\/es\/ndavant-organiza-iniciativa-concienciar-violencia-genereo\/","name":"Ndavant organiza la iniciativa \u201cComparte un pensamiento\u201d para concienciar a los j\u00f3venes sobre la violencia de g\u00e9nero - NDAVANT | Serveis de neteja, manteniment i FM\/FS","isPartOf":{"@id":"https:\/\/ndavant.cat\/es\/#website"},"primaryImageOfPage":{"@id":"https:\/\/ndavant.cat\/es\/ndavant-organiza-iniciativa-concienciar-violencia-genereo\/#primaryimage"},"image":{"@id":"https:\/\/ndavant.cat\/es\/ndavant-organiza-iniciativa-concienciar-violencia-genereo\/#primaryimage"},"thumbnailUrl":"https:\/\/ndavant.cat\/wp-content\/uploads\/2021\/11\/Campanya-solidaria-de-Ndavant-amb-UAB-i-UPF-contra-la-violencia-de-genere.jpg","datePublished":"2021-11-29T10:19:16+00:00","dateModified":"2021-11-29T10:23:41+00:00","breadcrumb":{"@id":"https:\/\/ndavant.cat\/es\/ndavant-organiza-iniciativa-concienciar-violencia-genereo\/#breadcrumb"},"inLanguage":"es","potentialAction":[{"@type":"ReadAction","target":["https:\/\/ndavant.cat\/es\/ndavant-organiza-iniciativa-concienciar-violencia-genereo\/"]}]},{"@type":"ImageObject","inLanguage":"es","@id":"https:\/\/ndavant.cat\/es\/ndavant-organiza-iniciativa-concienciar-violencia-genereo\/#primaryimage","url":"https:\/\/ndavant.cat\/wp-content\/uploads\/2021\/11\/Campanya-solidaria-de-Ndavant-amb-UAB-i-UPF-contra-la-violencia-de-genere.jpg","contentUrl":"https:\/\/ndavant.cat\/wp-content\/uploads\/2021\/11\/Campanya-solidaria-de-Ndavant-amb-UAB-i-UPF-contra-la-violencia-de-genere.jpg","width":800,"height":538,"caption":"Campanya solid\u00e0ria de Ndavant amb UAB i UPF contra la viol\u00e8ncia de g\u00e8nere"},{"@type":"BreadcrumbList","@id":"https:\/\/ndavant.cat\/es\/ndavant-organiza-iniciativa-concienciar-violencia-genereo\/#breadcrumb","itemListElement":[{"@type":"ListItem","position":1,"name":"Inici","item":"https:\/\/ndavant.cat\/es\/"},{"@type":"ListItem","position":2,"name":"Ndavant organiza la iniciativa \u201cComparte un pensamiento\u201d para concienciar a los j\u00f3venes sobre la violencia de g\u00e9nero"}]},{"@type":"WebSite","@id":"https:\/\/ndavant.cat\/es\/#website","url":"https:\/\/ndavant.cat\/es\/","name":"NDAVANT | Serveis de neteja, manteniment i FM\/FS","description":"Empresa de serveis de neteja, manteniment i facility services \/ facility management","publisher":{"@id":"https:\/\/ndavant.cat\/es\/#organization"},"potentialAction":[{"@type":"SearchAction","target":{"@type":"EntryPoint","urlTemplate":"https:\/\/ndavant.cat\/es\/?s={search_term_string}"},"query-input":{"@type":"PropertyValueSpecification","valueRequired":true,"valueName":"search_term_string"}}],"inLanguage":"es"},{"@type":"Organization","@id":"https:\/\/ndavant.cat\/es\/#organization","name":"Ndavant","url":"https:\/\/ndavant.cat\/es\/","logo":{"@type":"ImageObject","inLanguage":"es","@id":"https:\/\/ndavant.cat\/es\/#\/schema\/logo\/image\/","url":"https:\/\/ndavant.cat\/wp-content\/uploads\/2020\/05\/Logo-oficial-Ndavant.jpg","contentUrl":"https:\/\/ndavant.cat\/wp-content\/uploads\/2020\/05\/Logo-oficial-Ndavant.jpg","width":451,"height":451,"caption":"Ndavant"},"image":{"@id":"https:\/\/ndavant.cat\/es\/#\/schema\/logo\/image\/"},"sameAs":["https:\/\/x.com\/ndavant","https:\/\/www.linkedin.com\/company\/10988666\/"]},{"@type":"Person","@id":"https:\/\/ndavant.cat\/es\/#\/schema\/person\/abeb7ca9ba80fea83b506476364f356f","name":"Ndavant","image":{"@type":"ImageObject","inLanguage":"es","@id":"https:\/\/secure.gravatar.com\/avatar\/e4a11cb61a1cf988b5ee40b636bdf7455ab3827d42af0fa3a08c07b3ada7ee8d?s=96&d=mm&r=g","url":"https:\/\/secure.gravatar.com\/avatar\/e4a11cb61a1cf988b5ee40b636bdf7455ab3827d42af0fa3a08c07b3ada7ee8d?s=96&d=mm&r=g","contentUrl":"https:\/\/secure.gravatar.com\/avatar\/e4a11cb61a1cf988b5ee40b636bdf7455ab3827d42af0fa3a08c07b3ada7ee8d?s=96&d=mm&r=g","caption":"Ndavant"}}]}},"_links":{"self":[{"href":"https:\/\/ndavant.cat\/es\/wp-json\/wp\/v2\/posts\/4646","targetHints":{"allow":["GET"]}}],"collection":[{"href":"https:\/\/ndavant.cat\/es\/wp-json\/wp\/v2\/posts"}],"about":[{"href":"https:\/\/ndavant.cat\/es\/wp-json\/wp\/v2\/types\/post"}],"author":[{"embeddable":true,"href":"https:\/\/ndavant.cat\/es\/wp-json\/wp\/v2\/users\/1"}],"replies":[{"embeddable":true,"href":"https:\/\/ndavant.cat\/es\/wp-json\/wp\/v2\/comments?post=4646"}],"version-history":[{"count":3,"href":"https:\/\/ndavant.cat\/es\/wp-json\/wp\/v2\/posts\/4646\/revisions"}],"predecessor-version":[{"id":4649,"href":"https:\/\/ndavant.cat\/es\/wp-json\/wp\/v2\/posts\/4646\/revisions\/4649"}],"wp:featuredmedia":[{"embeddable":true,"href":"https:\/\/ndavant.cat\/es\/wp-json\/wp\/v2\/media\/4640"}],"wp:attachment":[{"href":"https:\/\/ndavant.cat\/es\/wp-json\/wp\/v2\/media?parent=4646"}],"wp:term":[{"taxonomy":"category","embeddable":true,"href":"https:\/\/ndavant.cat\/es\/wp-json\/wp\/v2\/categories?post=4646"},{"taxonomy":"post_tag","embeddable":true,"href":"https:\/\/ndavant.cat\/es\/wp-json\/wp\/v2\/tags?post=4646"}],"curies":[{"name":"wp","href":"https:\/\/api.w.org\/{rel}","templated":true}]}}