{"id":4668,"date":"2021-11-26T19:21:29","date_gmt":"2021-11-26T18:21:29","guid":{"rendered":"https:\/\/ndavant.cat\/?p=4668"},"modified":"2021-12-13T19:26:11","modified_gmt":"2021-12-13T18:26:11","slug":"ndavant-compromiso-eliminacion-violencia-contra-mujeres","status":"publish","type":"post","link":"https:\/\/ndavant.cat\/es\/ndavant-compromiso-eliminacion-violencia-contra-mujeres\/","title":{"rendered":"Ndavant, compromiso con la eliminaci\u00f3n de la violencia contra las mujeres"},"content":{"rendered":"<h3 class=\"head-title-1 white\">\u201cNo hay nada m\u00e1s valioso que la autonom\u00eda personal que otorga la estabilidad econ\u00f3mica y laboral\u201d<\/h3>\n<p>El 25 de noviembre se celebra el D\u00eda Internacional de la Eliminaci\u00f3n de la Violencia contra la Mujer para denunciar esta violaci\u00f3n de los derechos humanos, que se ejerce sobre las mujeres en todo el mundo y reclamar pol\u00edticas en todos los pa\u00edses para su erradicaci\u00f3n. Desde Ndavant hace a\u00f1os que, desde su compromiso social con las mujeres en esta situaci\u00f3n, ofrecen oportunidades y acompa\u00f1amiento personalizado para mirar hacia un futuro libre de violencia. <\/p>\n<p>Lee el art\u00edculo completo en <strong>El Peri\u00f3dico<\/strong>: <a href=\"https:\/\/www.elperiodico.com\/es\/epbrands\/cerca-de-ti\/no-mas-violencia.html\" target=\"_blank\" rel=\"noopener\">https:\/\/www.elperiodico.com\/es\/epbrands\/cerca-de-ti\/no-mas-violencia.html<\/a><\/p>\n","protected":false},"excerpt":{"rendered":"<p>Ndavant, empresa comprometida con la eliminaci\u00f3n de la violencia de g\u00e9nero, la creaci\u00f3n de oportunidades laborales y el acompa\u00f1amiento personalizado <\/p>\n","protected":false},"author":1,"featured_media":4664,"comment_status":"closed","ping_status":"open","sticky":false,"template":"","format":"standard","meta":{"_bbp_topic_count":0,"_bbp_reply_count":0,"_bbp_total_topic_count":0,"_bbp_total_reply_count":0,"_bbp_voice_count":0,"_bbp_anonymous_reply_count":0,"_bbp_topic_count_hidden":0,"_bbp_reply_count_hidden":0,"_bbp_forum_subforum_count":0,"footnotes":""},"categories":[295],"tags":[308,309,306],"class_list":["post-4668","post","type-post","status-publish","format-standard","has-post-thumbnail","hentry","category-responsabilidad-social","tag-eliminacion-violencia-genero","tag-igualdad","tag-rsc-es"],"yoast_head":"<!-- This site is optimized with the Yoast SEO plugin v27.5 - https:\/\/yoast.com\/product\/yoast-seo-wordpress\/ -->\n<title>Ndavant, compromiso con la eliminaci\u00f3n de la violencia contra las mujeres<\/title>\n<meta name=\"description\" content=\"Ndavant, empresa comprometida con la eliminaci\u00f3n de la violencia de g\u00e9nero, la creaci\u00f3n de oportunidades laborales y el acompa\u00f1amiento personalizado\" \/>\n<meta name=\"robots\" content=\"index, follow, max-snippet:-1, max-image-preview:large, max-video-preview:-1\" \/>\n<link rel=\"canonical\" href=\"https:\/\/ndavant.cat\/es\/ndavant-compromiso-eliminacion-violencia-contra-mujeres\/\" \/>\n<meta property=\"og:locale\" content=\"es_ES\" \/>\n<meta property=\"og:type\" content=\"article\" \/>\n<meta property=\"og:title\" content=\"Ndavant, compromiso con la eliminaci\u00f3n de la violencia contra las mujeres\" \/>\n<meta property=\"og:description\" content=\"Ndavant, empresa comprometida con la eliminaci\u00f3n de la violencia de g\u00e9nero, la creaci\u00f3n de oportunidades laborales y el acompa\u00f1amiento personalizado\" \/>\n<meta property=\"og:url\" content=\"https:\/\/ndavant.cat\/es\/ndavant-compromiso-eliminacion-violencia-contra-mujeres\/\" \/>\n<meta property=\"og:site_name\" content=\"NDAVANT | Serveis de neteja, manteniment i FM\/FS\" \/>\n<meta property=\"article:published_time\" content=\"2021-11-26T18:21:29+00:00\" \/>\n<meta property=\"article:modified_time\" content=\"2021-12-13T18:26:11+00:00\" \/>\n<meta property=\"og:image\" content=\"https:\/\/ndavant.cat\/wp-content\/uploads\/2021\/12\/Politiques-contra-la-violencia-de-genere-a-Ndavant-amb-oportunitats-laborals-i-acompanyament-personalitzat.jpg\" \/>\n\t<meta property=\"og:image:width\" content=\"800\" \/>\n\t<meta property=\"og:image:height\" content=\"538\" \/>\n\t<meta property=\"og:image:type\" content=\"image\/jpeg\" \/>\n<meta name=\"author\" content=\"Ndavant\" \/>\n<meta name=\"twitter:card\" content=\"summary_large_image\" \/>\n<meta name=\"twitter:creator\" content=\"@ndavant\" \/>\n<meta name=\"twitter:site\" content=\"@ndavant\" \/>\n<meta name=\"twitter:label1\" content=\"Escrito por\" \/>\n\t<meta name=\"twitter:data1\" content=\"Ndavant\" \/>\n\t<meta name=\"twitter:label2\" content=\"Tiempo de lectura\" \/>\n\t<meta name=\"twitter:data2\" content=\"1 minuto\" \/>\n<script type=\"application\/ld+json\" class=\"yoast-schema-graph\">{\"@context\":\"https:\\\/\\\/schema.org\",\"@graph\":[{\"@type\":\"Article\",\"@id\":\"https:\\\/\\\/ndavant.cat\\\/es\\\/ndavant-compromiso-eliminacion-violencia-contra-mujeres\\\/#article\",\"isPartOf\":{\"@id\":\"https:\\\/\\\/ndavant.cat\\\/es\\\/ndavant-compromiso-eliminacion-violencia-contra-mujeres\\\/\"},\"author\":{\"name\":\"Ndavant\",\"@id\":\"https:\\\/\\\/ndavant.cat\\\/es\\\/#\\\/schema\\\/person\\\/abeb7ca9ba80fea83b506476364f356f\"},\"headline\":\"Ndavant, compromiso con la eliminaci\u00f3n de la violencia contra las mujeres\",\"datePublished\":\"2021-11-26T18:21:29+00:00\",\"dateModified\":\"2021-12-13T18:26:11+00:00\",\"mainEntityOfPage\":{\"@id\":\"https:\\\/\\\/ndavant.cat\\\/es\\\/ndavant-compromiso-eliminacion-violencia-contra-mujeres\\\/\"},\"wordCount\":131,\"publisher\":{\"@id\":\"https:\\\/\\\/ndavant.cat\\\/es\\\/#organization\"},\"image\":{\"@id\":\"https:\\\/\\\/ndavant.cat\\\/es\\\/ndavant-compromiso-eliminacion-violencia-contra-mujeres\\\/#primaryimage\"},\"thumbnailUrl\":\"https:\\\/\\\/ndavant.cat\\\/wp-content\\\/uploads\\\/2021\\\/12\\\/Politiques-contra-la-violencia-de-genere-a-Ndavant-amb-oportunitats-laborals-i-acompanyament-personalitzat.jpg\",\"keywords\":[\"eliminaci\u00f3n de la violencia de g\u00e9nero\",\"igualdad\",\"RSC\"],\"articleSection\":[\"Responsabilidad Social\"],\"inLanguage\":\"es\"},{\"@type\":\"WebPage\",\"@id\":\"https:\\\/\\\/ndavant.cat\\\/es\\\/ndavant-compromiso-eliminacion-violencia-contra-mujeres\\\/\",\"url\":\"https:\\\/\\\/ndavant.cat\\\/es\\\/ndavant-compromiso-eliminacion-violencia-contra-mujeres\\\/\",\"name\":\"Ndavant, compromiso con la eliminaci\u00f3n de la violencia contra las mujeres\",\"isPartOf\":{\"@id\":\"https:\\\/\\\/ndavant.cat\\\/es\\\/#website\"},\"primaryImageOfPage\":{\"@id\":\"https:\\\/\\\/ndavant.cat\\\/es\\\/ndavant-compromiso-eliminacion-violencia-contra-mujeres\\\/#primaryimage\"},\"image\":{\"@id\":\"https:\\\/\\\/ndavant.cat\\\/es\\\/ndavant-compromiso-eliminacion-violencia-contra-mujeres\\\/#primaryimage\"},\"thumbnailUrl\":\"https:\\\/\\\/ndavant.cat\\\/wp-content\\\/uploads\\\/2021\\\/12\\\/Politiques-contra-la-violencia-de-genere-a-Ndavant-amb-oportunitats-laborals-i-acompanyament-personalitzat.jpg\",\"datePublished\":\"2021-11-26T18:21:29+00:00\",\"dateModified\":\"2021-12-13T18:26:11+00:00\",\"description\":\"Ndavant, empresa comprometida con la eliminaci\u00f3n de la violencia de g\u00e9nero, la creaci\u00f3n de oportunidades laborales y el acompa\u00f1amiento personalizado\",\"breadcrumb\":{\"@id\":\"https:\\\/\\\/ndavant.cat\\\/es\\\/ndavant-compromiso-eliminacion-violencia-contra-mujeres\\\/#breadcrumb\"},\"inLanguage\":\"es\",\"potentialAction\":[{\"@type\":\"ReadAction\",\"target\":[\"https:\\\/\\\/ndavant.cat\\\/es\\\/ndavant-compromiso-eliminacion-violencia-contra-mujeres\\\/\"]}]},{\"@type\":\"ImageObject\",\"inLanguage\":\"es\",\"@id\":\"https:\\\/\\\/ndavant.cat\\\/es\\\/ndavant-compromiso-eliminacion-violencia-contra-mujeres\\\/#primaryimage\",\"url\":\"https:\\\/\\\/ndavant.cat\\\/wp-content\\\/uploads\\\/2021\\\/12\\\/Politiques-contra-la-violencia-de-genere-a-Ndavant-amb-oportunitats-laborals-i-acompanyament-personalitzat.jpg\",\"contentUrl\":\"https:\\\/\\\/ndavant.cat\\\/wp-content\\\/uploads\\\/2021\\\/12\\\/Politiques-contra-la-violencia-de-genere-a-Ndavant-amb-oportunitats-laborals-i-acompanyament-personalitzat.jpg\",\"width\":800,\"height\":538,\"caption\":\"Pol\u00edtiques contra la viol\u00e8ncia de g\u00e8nere a Ndavant amb oportunitats laborals i acompanyament personalitzat\"},{\"@type\":\"BreadcrumbList\",\"@id\":\"https:\\\/\\\/ndavant.cat\\\/es\\\/ndavant-compromiso-eliminacion-violencia-contra-mujeres\\\/#breadcrumb\",\"itemListElement\":[{\"@type\":\"ListItem\",\"position\":1,\"name\":\"Inici\",\"item\":\"https:\\\/\\\/ndavant.cat\\\/es\\\/\"},{\"@type\":\"ListItem\",\"position\":2,\"name\":\"Ndavant, compromiso con la eliminaci\u00f3n de la violencia contra las mujeres\"}]},{\"@type\":\"WebSite\",\"@id\":\"https:\\\/\\\/ndavant.cat\\\/es\\\/#website\",\"url\":\"https:\\\/\\\/ndavant.cat\\\/es\\\/\",\"name\":\"NDAVANT | Serveis de neteja, manteniment i FM\\\/FS\",\"description\":\"Empresa de serveis de neteja, manteniment i facility services \\\/ facility management\",\"publisher\":{\"@id\":\"https:\\\/\\\/ndavant.cat\\\/es\\\/#organization\"},\"potentialAction\":[{\"@type\":\"SearchAction\",\"target\":{\"@type\":\"EntryPoint\",\"urlTemplate\":\"https:\\\/\\\/ndavant.cat\\\/es\\\/?s={search_term_string}\"},\"query-input\":{\"@type\":\"PropertyValueSpecification\",\"valueRequired\":true,\"valueName\":\"search_term_string\"}}],\"inLanguage\":\"es\"},{\"@type\":\"Organization\",\"@id\":\"https:\\\/\\\/ndavant.cat\\\/es\\\/#organization\",\"name\":\"Ndavant\",\"url\":\"https:\\\/\\\/ndavant.cat\\\/es\\\/\",\"logo\":{\"@type\":\"ImageObject\",\"inLanguage\":\"es\",\"@id\":\"https:\\\/\\\/ndavant.cat\\\/es\\\/#\\\/schema\\\/logo\\\/image\\\/\",\"url\":\"https:\\\/\\\/ndavant.cat\\\/wp-content\\\/uploads\\\/2020\\\/05\\\/Logo-oficial-Ndavant.jpg\",\"contentUrl\":\"https:\\\/\\\/ndavant.cat\\\/wp-content\\\/uploads\\\/2020\\\/05\\\/Logo-oficial-Ndavant.jpg\",\"width\":451,\"height\":451,\"caption\":\"Ndavant\"},\"image\":{\"@id\":\"https:\\\/\\\/ndavant.cat\\\/es\\\/#\\\/schema\\\/logo\\\/image\\\/\"},\"sameAs\":[\"https:\\\/\\\/x.com\\\/ndavant\",\"https:\\\/\\\/www.linkedin.com\\\/company\\\/10988666\\\/\"]},{\"@type\":\"Person\",\"@id\":\"https:\\\/\\\/ndavant.cat\\\/es\\\/#\\\/schema\\\/person\\\/abeb7ca9ba80fea83b506476364f356f\",\"name\":\"Ndavant\",\"image\":{\"@type\":\"ImageObject\",\"inLanguage\":\"es\",\"@id\":\"https:\\\/\\\/secure.gravatar.com\\\/avatar\\\/e4a11cb61a1cf988b5ee40b636bdf7455ab3827d42af0fa3a08c07b3ada7ee8d?s=96&d=mm&r=g\",\"url\":\"https:\\\/\\\/secure.gravatar.com\\\/avatar\\\/e4a11cb61a1cf988b5ee40b636bdf7455ab3827d42af0fa3a08c07b3ada7ee8d?s=96&d=mm&r=g\",\"contentUrl\":\"https:\\\/\\\/secure.gravatar.com\\\/avatar\\\/e4a11cb61a1cf988b5ee40b636bdf7455ab3827d42af0fa3a08c07b3ada7ee8d?s=96&d=mm&r=g\",\"caption\":\"Ndavant\"}}]}<\/script>\n<!-- \/ Yoast SEO plugin. -->","yoast_head_json":{"title":"Ndavant, compromiso con la eliminaci\u00f3n de la violencia contra las mujeres","description":"Ndavant, empresa comprometida con la eliminaci\u00f3n de la violencia de g\u00e9nero, la creaci\u00f3n de oportunidades laborales y el acompa\u00f1amiento personalizado","robots":{"index":"index","follow":"follow","max-snippet":"max-snippet:-1","max-image-preview":"max-image-preview:large","max-video-preview":"max-video-preview:-1"},"canonical":"https:\/\/ndavant.cat\/es\/ndavant-compromiso-eliminacion-violencia-contra-mujeres\/","og_locale":"es_ES","og_type":"article","og_title":"Ndavant, compromiso con la eliminaci\u00f3n de la violencia contra las mujeres","og_description":"Ndavant, empresa comprometida con la eliminaci\u00f3n de la violencia de g\u00e9nero, la creaci\u00f3n de oportunidades laborales y el acompa\u00f1amiento personalizado","og_url":"https:\/\/ndavant.cat\/es\/ndavant-compromiso-eliminacion-violencia-contra-mujeres\/","og_site_name":"NDAVANT | Serveis de neteja, manteniment i FM\/FS","article_published_time":"2021-11-26T18:21:29+00:00","article_modified_time":"2021-12-13T18:26:11+00:00","og_image":[{"width":800,"height":538,"url":"https:\/\/ndavant.cat\/wp-content\/uploads\/2021\/12\/Politiques-contra-la-violencia-de-genere-a-Ndavant-amb-oportunitats-laborals-i-acompanyament-personalitzat.jpg","type":"image\/jpeg"}],"author":"Ndavant","twitter_card":"summary_large_image","twitter_creator":"@ndavant","twitter_site":"@ndavant","twitter_misc":{"Escrito por":"Ndavant","Tiempo de lectura":"1 minuto"},"schema":{"@context":"https:\/\/schema.org","@graph":[{"@type":"Article","@id":"https:\/\/ndavant.cat\/es\/ndavant-compromiso-eliminacion-violencia-contra-mujeres\/#article","isPartOf":{"@id":"https:\/\/ndavant.cat\/es\/ndavant-compromiso-eliminacion-violencia-contra-mujeres\/"},"author":{"name":"Ndavant","@id":"https:\/\/ndavant.cat\/es\/#\/schema\/person\/abeb7ca9ba80fea83b506476364f356f"},"headline":"Ndavant, compromiso con la eliminaci\u00f3n de la violencia contra las mujeres","datePublished":"2021-11-26T18:21:29+00:00","dateModified":"2021-12-13T18:26:11+00:00","mainEntityOfPage":{"@id":"https:\/\/ndavant.cat\/es\/ndavant-compromiso-eliminacion-violencia-contra-mujeres\/"},"wordCount":131,"publisher":{"@id":"https:\/\/ndavant.cat\/es\/#organization"},"image":{"@id":"https:\/\/ndavant.cat\/es\/ndavant-compromiso-eliminacion-violencia-contra-mujeres\/#primaryimage"},"thumbnailUrl":"https:\/\/ndavant.cat\/wp-content\/uploads\/2021\/12\/Politiques-contra-la-violencia-de-genere-a-Ndavant-amb-oportunitats-laborals-i-acompanyament-personalitzat.jpg","keywords":["eliminaci\u00f3n de la violencia de g\u00e9nero","igualdad","RSC"],"articleSection":["Responsabilidad Social"],"inLanguage":"es"},{"@type":"WebPage","@id":"https:\/\/ndavant.cat\/es\/ndavant-compromiso-eliminacion-violencia-contra-mujeres\/","url":"https:\/\/ndavant.cat\/es\/ndavant-compromiso-eliminacion-violencia-contra-mujeres\/","name":"Ndavant, compromiso con la eliminaci\u00f3n de la violencia contra las mujeres","isPartOf":{"@id":"https:\/\/ndavant.cat\/es\/#website"},"primaryImageOfPage":{"@id":"https:\/\/ndavant.cat\/es\/ndavant-compromiso-eliminacion-violencia-contra-mujeres\/#primaryimage"},"image":{"@id":"https:\/\/ndavant.cat\/es\/ndavant-compromiso-eliminacion-violencia-contra-mujeres\/#primaryimage"},"thumbnailUrl":"https:\/\/ndavant.cat\/wp-content\/uploads\/2021\/12\/Politiques-contra-la-violencia-de-genere-a-Ndavant-amb-oportunitats-laborals-i-acompanyament-personalitzat.jpg","datePublished":"2021-11-26T18:21:29+00:00","dateModified":"2021-12-13T18:26:11+00:00","description":"Ndavant, empresa comprometida con la eliminaci\u00f3n de la violencia de g\u00e9nero, la creaci\u00f3n de oportunidades laborales y el acompa\u00f1amiento personalizado","breadcrumb":{"@id":"https:\/\/ndavant.cat\/es\/ndavant-compromiso-eliminacion-violencia-contra-mujeres\/#breadcrumb"},"inLanguage":"es","potentialAction":[{"@type":"ReadAction","target":["https:\/\/ndavant.cat\/es\/ndavant-compromiso-eliminacion-violencia-contra-mujeres\/"]}]},{"@type":"ImageObject","inLanguage":"es","@id":"https:\/\/ndavant.cat\/es\/ndavant-compromiso-eliminacion-violencia-contra-mujeres\/#primaryimage","url":"https:\/\/ndavant.cat\/wp-content\/uploads\/2021\/12\/Politiques-contra-la-violencia-de-genere-a-Ndavant-amb-oportunitats-laborals-i-acompanyament-personalitzat.jpg","contentUrl":"https:\/\/ndavant.cat\/wp-content\/uploads\/2021\/12\/Politiques-contra-la-violencia-de-genere-a-Ndavant-amb-oportunitats-laborals-i-acompanyament-personalitzat.jpg","width":800,"height":538,"caption":"Pol\u00edtiques contra la viol\u00e8ncia de g\u00e8nere a Ndavant amb oportunitats laborals i acompanyament personalitzat"},{"@type":"BreadcrumbList","@id":"https:\/\/ndavant.cat\/es\/ndavant-compromiso-eliminacion-violencia-contra-mujeres\/#breadcrumb","itemListElement":[{"@type":"ListItem","position":1,"name":"Inici","item":"https:\/\/ndavant.cat\/es\/"},{"@type":"ListItem","position":2,"name":"Ndavant, compromiso con la eliminaci\u00f3n de la violencia contra las mujeres"}]},{"@type":"WebSite","@id":"https:\/\/ndavant.cat\/es\/#website","url":"https:\/\/ndavant.cat\/es\/","name":"NDAVANT | Serveis de neteja, manteniment i FM\/FS","description":"Empresa de serveis de neteja, manteniment i facility services \/ facility management","publisher":{"@id":"https:\/\/ndavant.cat\/es\/#organization"},"potentialAction":[{"@type":"SearchAction","target":{"@type":"EntryPoint","urlTemplate":"https:\/\/ndavant.cat\/es\/?s={search_term_string}"},"query-input":{"@type":"PropertyValueSpecification","valueRequired":true,"valueName":"search_term_string"}}],"inLanguage":"es"},{"@type":"Organization","@id":"https:\/\/ndavant.cat\/es\/#organization","name":"Ndavant","url":"https:\/\/ndavant.cat\/es\/","logo":{"@type":"ImageObject","inLanguage":"es","@id":"https:\/\/ndavant.cat\/es\/#\/schema\/logo\/image\/","url":"https:\/\/ndavant.cat\/wp-content\/uploads\/2020\/05\/Logo-oficial-Ndavant.jpg","contentUrl":"https:\/\/ndavant.cat\/wp-content\/uploads\/2020\/05\/Logo-oficial-Ndavant.jpg","width":451,"height":451,"caption":"Ndavant"},"image":{"@id":"https:\/\/ndavant.cat\/es\/#\/schema\/logo\/image\/"},"sameAs":["https:\/\/x.com\/ndavant","https:\/\/www.linkedin.com\/company\/10988666\/"]},{"@type":"Person","@id":"https:\/\/ndavant.cat\/es\/#\/schema\/person\/abeb7ca9ba80fea83b506476364f356f","name":"Ndavant","image":{"@type":"ImageObject","inLanguage":"es","@id":"https:\/\/secure.gravatar.com\/avatar\/e4a11cb61a1cf988b5ee40b636bdf7455ab3827d42af0fa3a08c07b3ada7ee8d?s=96&d=mm&r=g","url":"https:\/\/secure.gravatar.com\/avatar\/e4a11cb61a1cf988b5ee40b636bdf7455ab3827d42af0fa3a08c07b3ada7ee8d?s=96&d=mm&r=g","contentUrl":"https:\/\/secure.gravatar.com\/avatar\/e4a11cb61a1cf988b5ee40b636bdf7455ab3827d42af0fa3a08c07b3ada7ee8d?s=96&d=mm&r=g","caption":"Ndavant"}}]}},"_links":{"self":[{"href":"https:\/\/ndavant.cat\/es\/wp-json\/wp\/v2\/posts\/4668","targetHints":{"allow":["GET"]}}],"collection":[{"href":"https:\/\/ndavant.cat\/es\/wp-json\/wp\/v2\/posts"}],"about":[{"href":"https:\/\/ndavant.cat\/es\/wp-json\/wp\/v2\/types\/post"}],"author":[{"embeddable":true,"href":"https:\/\/ndavant.cat\/es\/wp-json\/wp\/v2\/users\/1"}],"replies":[{"embeddable":true,"href":"https:\/\/ndavant.cat\/es\/wp-json\/wp\/v2\/comments?post=4668"}],"version-history":[{"count":1,"href":"https:\/\/ndavant.cat\/es\/wp-json\/wp\/v2\/posts\/4668\/revisions"}],"predecessor-version":[{"id":4669,"href":"https:\/\/ndavant.cat\/es\/wp-json\/wp\/v2\/posts\/4668\/revisions\/4669"}],"wp:featuredmedia":[{"embeddable":true,"href":"https:\/\/ndavant.cat\/es\/wp-json\/wp\/v2\/media\/4664"}],"wp:attachment":[{"href":"https:\/\/ndavant.cat\/es\/wp-json\/wp\/v2\/media?parent=4668"}],"wp:term":[{"taxonomy":"category","embeddable":true,"href":"https:\/\/ndavant.cat\/es\/wp-json\/wp\/v2\/categories?post=4668"},{"taxonomy":"post_tag","embeddable":true,"href":"https:\/\/ndavant.cat\/es\/wp-json\/wp\/v2\/tags?post=4668"}],"curies":[{"name":"wp","href":"https:\/\/api.w.org\/{rel}","templated":true}]}}