{"id":4917,"date":"2022-07-29T01:16:27","date_gmt":"2022-07-28T23:16:27","guid":{"rendered":"https:\/\/ndavant.cat\/casales-de-verano-para-familias-monoparentales-cuando-las-vacaciones-y-la-conciliacion-encajan\/"},"modified":"2022-09-03T01:30:01","modified_gmt":"2022-09-02T23:30:01","slug":"casales-verano-familias-monoparentales-vacaciones-conciliacion","status":"publish","type":"post","link":"https:\/\/ndavant.cat\/es\/casales-verano-familias-monoparentales-vacaciones-conciliacion\/","title":{"rendered":"Casales de verano para familias monoparentales: cuando las vacaciones y la conciliaci\u00f3n encajan"},"content":{"rendered":"<h3>Desde Ndavant, hemos organizado casales de verano para profesionales de nuestro equipo que tienen familias monoparentales.<\/h3>\n<p>Un verano en la vida de un ni\u00f1o o un joven es todo un mundo. Es el momento en el que la rutina escolar, que queda temporalmente aparcada, da paso a dos meses de diversi\u00f3n y descanso, pero tambi\u00e9n de descubrimiento, aventuras y amistad.<\/p>\n<p>Sin embargo, esta imagen id\u00edlica del verano no siempre se cumple. Y es que <strong>hay muchos ni\u00f1os y ni\u00f1as que quedan al margen de las actividades de ocio estival porque sus familias carecen de recursos suficientes<\/strong> y no pueden acceder a un casal oa unas colonias. Adem\u00e1s, a menudo las becas disponibles no cubren todo el tiempo que los padres necesitan para tener a sus hijos disfrutando a la vez que cuidados, dado que trabajan.<\/p>\n<p>Es por esta raz\u00f3n que desde <strong><a href=\"https:\/\/ndavant.cat\/\" target=\"_blank\" rel=\"noopener\">Ndavant<\/a><\/strong>, empresa especializada en limpieza, desinfecci\u00f3n y mantenimiento, hemos puesto al alcance de algunas de nuestras profesionales casales de verano para sus hijos e hijas durante julio y agosto.<\/p>\n<p>Los municipios en los que se llevamos a cabo son <strong>Martorell, Badalona y Barcelona<\/strong>.<br \/>\n&nbsp;<\/p>\n<h3>UNA INICIATIVA PARA REDUCIR LA DESIGUALDAD<\/h3>\n<p>El programa est\u00e1 dirigido a <strong>familias monoparentales maternas<\/strong>, especialmente aquellas con menos recursos y m\u00e1s necesidades, y tiene un doble objetivo: por un lado, facilitar que estos ni\u00f1os puedan disfrutar de un ocio estival normalizado y, por la otra, que las madres puedan seguir haciendo su trabajo con la tranquilidad de saber que sus hijos est\u00e1n cuidados y disfrutan de unos casales que les aportan grandes beneficios.<\/p>\n<p><em>\u201cDetectamos la necesidad de algunas trabajadoras que no pod\u00edan acceder a m\u00e1s jornada laboral, porque no pod\u00edan conciliar durante el verano\u201d<\/em>, explica <a href=\"https:\/\/ndavant.cat\/entrevista -rosa-llamas-directora-persones\/\"><strong>Rosa Llamas<\/strong><\/a>, directora de personas de Ndavant.<\/p>\n<p>Por todo ello, la iniciativa de Ndavant quiere fomentar la conciliaci\u00f3n familiar a la vez que incide en la reducci\u00f3n de las desigualdades. El pasado a\u00f1o, varias familias fueron seleccionadas para el proyecto, y este a\u00f1o la cifra es de ocho.<\/p>\n<p><em>\u201cTenemos una gran responsabilidad a la hora de hacer la selecci\u00f3n de las personas a las que podemos ayudar\u201d<\/em>, reconoce Rosa, que sin embargo destaca que se trata de un momento \u201cgratificante\u201d. <em>\u201cPromovemos un cambio de rutinas para que las familias lleven una vida normalizada\u201d<\/em>, subraya.<\/p>\n<p>Y no se equivoca. Lo corrobora <strong>Gisela Rivera<\/strong>, profesional de limpieza de Ndavant y una de las ocho beneficiarias de la iniciativa este verano.<\/p>\n<p><em>\u201cVi la luz cuando me lo propusieron\u201d<\/em>, reconoce, y explica que gracias al programa de casales de verano est\u00e1 pudiendo conciliar su vida familiar y profesional. Su hija Isabela tiene dos a\u00f1os y depende totalmente de ella, y al ser familia monoparental la situaci\u00f3n se complica, ya que todo el esfuerzo de crianza recae sobre Gisela.<\/p>\n<p>&nbsp;<\/p>\n<h3>RESPUESTAS PERSONALIZADAS PARA CADA FAMILIA<\/h3>\n<p>Por esta raz\u00f3n, el programa de Ndavant busca <strong>dar respuestas personalizadas<\/strong> a cada caso. En este sentido, Rosa detalla que la empresa, que se encarga de buscar un casal adecuado, prioriza que \u00e9ste se haga en <strong>cerca de casa de las personas beneficiarias<\/strong>, para que se adapte a la perfecci\u00f3n a sus necesidades y les haga f\u00e1cil el d\u00eda a d\u00eda.<\/p>\n<p>\u00c9ste es el caso de <strong>Maribel Moreno<\/strong>, otra profesional de limpieza de Ndavant cuya hija, Izaskun, tambi\u00e9n est\u00e1 disfrutando de un casal este verano, que adem\u00e1s cuenta con una semana de colonias. La joven tiene <strong>diversidad funcional<\/strong> y el casal al que asiste est\u00e1 adaptado a sus necesidades.<\/p>\n<p><em>\u201cComo mis posibilidades de movilidad no son muy buenas, el hecho de que la empresa se haya ocupado de encontrarnos una opci\u00f3n cercana a casa me lo ha puesto muy f\u00e1cil. Mi hija va a un casal, adaptado, donde est\u00e1 aprendiendo muchas cosas nuevas\u201d, celebra Maribel.<\/p>\n<p>Su historia es similar a la de Gisela. Maribel y Izaskun son tambi\u00e9n familia monoparental, y <strong>la situaci\u00f3n de su hija le ha dificultado enormemente la conciliaci\u00f3n laboral a lo largo de su vida<\/strong>. Es por esta raz\u00f3n que Maribel expresa gratitud por haber sido seleccionada en el proyecto de Ndavant.<\/p>\n<p><em>\u201cQue la empresa se preocupe por la situaci\u00f3n de sus trabajadores es muy bueno\u201d<\/em>, destaca Maribel.<\/p>\n<p>De hecho, \u00e9ste es uno de los puntos en el que pone \u00e9nfasis Rosa.<\/p>\n<p><strong><em>\u201cEl proyecto tiene un impacto muy positivo en la plantilla, ya que persigue el bienestar, no s\u00f3lo de las profesionales, sino tambi\u00e9n de sus familias\u201d<\/em><\/strong>, argumenta, a\u00f1adiendo que es importante que las y los profesionales perciban que existe un equipo humano detr\u00e1s de su empresa.<\/p>\n<p>Y Maribel y Gisela lo constatan: <em>\u201cSe han preocupado mucho; yo no podr\u00eda haber pagado un casal como \u00e9ste\u201d, remarca la primera.<\/p>\n<p>&nbsp;<\/p>\n<h3>UN PEQUE\u00d1O GESTO, UN GRAN IMPACTO<\/h3>\n<p>El otro beneficio lo reciben ni\u00f1os y j\u00f3venes. En el caso de Isabela, <strong>las actividades del casal le permiten realizar salidas al aire libre, visitar granjas o plantar hortalizas. <\/strong><\/p>\n<p><em>\u201cEs gratificante que las personas profesionales de nuestros equipos vean que lo m\u00e1s importante para ellas, sus hijos e hijas, est\u00e1n disfrutando\u201d<\/em>, reitera Rosa.<\/p>\n<p>Un sentimiento de tranquilidad que las madres viven intensamente. De hecho, Gisela relata que cada noche Isabela le cuenta todo lo que ha hecho durante el d\u00eda y las aventuras que ha vivido, y que despu\u00e9s le pregunta c\u00f3mo le ha ido el d\u00eda.<\/p>\n<p>Es un caso similar al de la Izaskun. Su madre confirma que la joven \u00abest\u00e1 supercontenta\u00bb con las actividades que est\u00e1 haciendo en el casal, y dice que espera con deseo poder disfrutar del baile y de la discoteca de las colonias.<\/p>\n<p>En este sentido, Ndavant pone el acento en la necesidad de que los ni\u00f1os y j\u00f3venes puedan divertirse con un tiempo educativo de calidad y normalizado, a trav\u00e9s del cual <strong>desarrollen valores y capacidades como la inteligencia emocional y la convivencia entre iguales.<\/strong><\/p>\n<p>Esta iniciativa se enmarca en el <strong>compromiso social de Ndavant, que no s\u00f3lo vela por la inclusi\u00f3n sociolaboral de personas que viven situaciones complicadas, sino que tambi\u00e9n promueve la igualdad de oportunidades<\/strong>, as\u00ed como la estabilidad personal y profesional.<\/p>\n<p><em>\u201cEs un peque\u00f1o gesto que genera un gran impacto\u201d<\/em>, concluye Rosa.<\/p>\n","protected":false},"excerpt":{"rendered":"<p>Desde Ndavant, hemos organizado casales de verano para profesionales de nuestro equipo que tienen familias monoparentales.<\/p>\n","protected":false},"author":1,"featured_media":4893,"comment_status":"closed","ping_status":"open","sticky":false,"template":"","format":"standard","meta":{"_bbp_topic_count":0,"_bbp_reply_count":0,"_bbp_total_topic_count":0,"_bbp_total_reply_count":0,"_bbp_voice_count":0,"_bbp_anonymous_reply_count":0,"_bbp_topic_count_hidden":0,"_bbp_reply_count_hidden":0,"_bbp_forum_subforum_count":0,"footnotes":""},"categories":[295],"tags":[301,327,318,329,319,306],"class_list":["post-4917","post","type-post","status-publish","format-standard","has-post-thumbnail","hentry","category-responsabilidad-social","tag-compromiso-social","tag-conciliacion","tag-diversidad","tag-familias-monoparentales","tag-inclusion","tag-rsc-es"],"yoast_head":"<!-- This site is optimized with the Yoast SEO plugin v27.5 - https:\/\/yoast.com\/product\/yoast-seo-wordpress\/ -->\n<title>Casales de verano para familias monoparentales: vacaciones y conciliaci\u00f3n<\/title>\n<meta name=\"description\" content=\"Desde Ndavant, hemos organizado casales de verano para profesionales de nuestro equipo que tienen familias monoparentales.\" \/>\n<meta name=\"robots\" content=\"index, follow, max-snippet:-1, max-image-preview:large, max-video-preview:-1\" \/>\n<link rel=\"canonical\" href=\"https:\/\/ndavant.cat\/es\/casales-verano-familias-monoparentales-vacaciones-conciliacion\/\" \/>\n<meta property=\"og:locale\" content=\"es_ES\" \/>\n<meta property=\"og:type\" content=\"article\" \/>\n<meta property=\"og:title\" content=\"Casales de verano para familias monoparentales: vacaciones y conciliaci\u00f3n\" \/>\n<meta property=\"og:description\" content=\"Desde Ndavant, hemos organizado casales de verano para profesionales de nuestro equipo que tienen familias monoparentales.\" \/>\n<meta property=\"og:url\" content=\"https:\/\/ndavant.cat\/es\/casales-verano-familias-monoparentales-vacaciones-conciliacion\/\" \/>\n<meta property=\"og:site_name\" content=\"NDAVANT | Serveis de neteja, manteniment i FM\/FS\" \/>\n<meta property=\"article:published_time\" content=\"2022-07-28T23:16:27+00:00\" \/>\n<meta property=\"article:modified_time\" content=\"2022-09-02T23:30:01+00:00\" \/>\n<meta property=\"og:image\" content=\"https:\/\/ndavant.cat\/wp-content\/uploads\/2022\/07\/Conciliacio-i-vacances-als-casals-destiu-de-Ndavant-per-a-families-monoparentals.jpg\" \/>\n<meta name=\"author\" content=\"Ndavant\" \/>\n<meta name=\"twitter:card\" content=\"summary_large_image\" \/>\n<meta name=\"twitter:image\" content=\"https:\/\/ndavant.cat\/wp-content\/uploads\/2022\/07\/Conciliacio-i-vacances-als-casals-destiu-de-Ndavant-per-a-families-monoparentals.jpg\" \/>\n<meta name=\"twitter:creator\" content=\"@ndavant\" \/>\n<meta name=\"twitter:site\" content=\"@ndavant\" \/>\n<meta name=\"twitter:label1\" content=\"Escrito por\" \/>\n\t<meta name=\"twitter:data1\" content=\"Ndavant\" \/>\n\t<meta name=\"twitter:label2\" content=\"Tiempo de lectura\" \/>\n\t<meta name=\"twitter:data2\" content=\"5 minutos\" \/>\n<script type=\"application\/ld+json\" class=\"yoast-schema-graph\">{\"@context\":\"https:\\\/\\\/schema.org\",\"@graph\":[{\"@type\":\"Article\",\"@id\":\"https:\\\/\\\/ndavant.cat\\\/es\\\/casales-verano-familias-monoparentales-vacaciones-conciliacion\\\/#article\",\"isPartOf\":{\"@id\":\"https:\\\/\\\/ndavant.cat\\\/es\\\/casales-verano-familias-monoparentales-vacaciones-conciliacion\\\/\"},\"author\":{\"name\":\"Ndavant\",\"@id\":\"https:\\\/\\\/ndavant.cat\\\/es\\\/#\\\/schema\\\/person\\\/abeb7ca9ba80fea83b506476364f356f\"},\"headline\":\"Casales de verano para familias monoparentales: cuando las vacaciones y la conciliaci\u00f3n encajan\",\"datePublished\":\"2022-07-28T23:16:27+00:00\",\"dateModified\":\"2022-09-02T23:30:01+00:00\",\"mainEntityOfPage\":{\"@id\":\"https:\\\/\\\/ndavant.cat\\\/es\\\/casales-verano-familias-monoparentales-vacaciones-conciliacion\\\/\"},\"wordCount\":1073,\"publisher\":{\"@id\":\"https:\\\/\\\/ndavant.cat\\\/es\\\/#organization\"},\"image\":{\"@id\":\"https:\\\/\\\/ndavant.cat\\\/es\\\/casales-verano-familias-monoparentales-vacaciones-conciliacion\\\/#primaryimage\"},\"thumbnailUrl\":\"https:\\\/\\\/ndavant.cat\\\/wp-content\\\/uploads\\\/2022\\\/07\\\/Conciliacio-i-vacances-als-casals-destiu-de-Ndavant-per-a-families-monoparentals.jpg\",\"keywords\":[\"compromiso social\",\"conciliaci\u00f3n\",\"diversidad\",\"familias monoparentales\",\"inclusi\u00f3n\",\"RSC\"],\"articleSection\":[\"Responsabilidad Social\"],\"inLanguage\":\"es\"},{\"@type\":\"WebPage\",\"@id\":\"https:\\\/\\\/ndavant.cat\\\/es\\\/casales-verano-familias-monoparentales-vacaciones-conciliacion\\\/\",\"url\":\"https:\\\/\\\/ndavant.cat\\\/es\\\/casales-verano-familias-monoparentales-vacaciones-conciliacion\\\/\",\"name\":\"Casales de verano para familias monoparentales: vacaciones y conciliaci\u00f3n\",\"isPartOf\":{\"@id\":\"https:\\\/\\\/ndavant.cat\\\/es\\\/#website\"},\"primaryImageOfPage\":{\"@id\":\"https:\\\/\\\/ndavant.cat\\\/es\\\/casales-verano-familias-monoparentales-vacaciones-conciliacion\\\/#primaryimage\"},\"image\":{\"@id\":\"https:\\\/\\\/ndavant.cat\\\/es\\\/casales-verano-familias-monoparentales-vacaciones-conciliacion\\\/#primaryimage\"},\"thumbnailUrl\":\"https:\\\/\\\/ndavant.cat\\\/wp-content\\\/uploads\\\/2022\\\/07\\\/Conciliacio-i-vacances-als-casals-destiu-de-Ndavant-per-a-families-monoparentals.jpg\",\"datePublished\":\"2022-07-28T23:16:27+00:00\",\"dateModified\":\"2022-09-02T23:30:01+00:00\",\"description\":\"Desde Ndavant, hemos organizado casales de verano para profesionales de nuestro equipo que tienen familias monoparentales.\",\"breadcrumb\":{\"@id\":\"https:\\\/\\\/ndavant.cat\\\/es\\\/casales-verano-familias-monoparentales-vacaciones-conciliacion\\\/#breadcrumb\"},\"inLanguage\":\"es\",\"potentialAction\":[{\"@type\":\"ReadAction\",\"target\":[\"https:\\\/\\\/ndavant.cat\\\/es\\\/casales-verano-familias-monoparentales-vacaciones-conciliacion\\\/\"]}]},{\"@type\":\"ImageObject\",\"inLanguage\":\"es\",\"@id\":\"https:\\\/\\\/ndavant.cat\\\/es\\\/casales-verano-familias-monoparentales-vacaciones-conciliacion\\\/#primaryimage\",\"url\":\"https:\\\/\\\/ndavant.cat\\\/wp-content\\\/uploads\\\/2022\\\/07\\\/Conciliacio-i-vacances-als-casals-destiu-de-Ndavant-per-a-families-monoparentals.jpg\",\"contentUrl\":\"https:\\\/\\\/ndavant.cat\\\/wp-content\\\/uploads\\\/2022\\\/07\\\/Conciliacio-i-vacances-als-casals-destiu-de-Ndavant-per-a-families-monoparentals.jpg\",\"width\":800,\"height\":538,\"caption\":\"Conciliaci\u00f3n y vacaciones en los casales de verano de Ndavant para familias monoparentales\"},{\"@type\":\"BreadcrumbList\",\"@id\":\"https:\\\/\\\/ndavant.cat\\\/es\\\/casales-verano-familias-monoparentales-vacaciones-conciliacion\\\/#breadcrumb\",\"itemListElement\":[{\"@type\":\"ListItem\",\"position\":1,\"name\":\"Inici\",\"item\":\"https:\\\/\\\/ndavant.cat\\\/es\\\/\"},{\"@type\":\"ListItem\",\"position\":2,\"name\":\"Casales de verano para familias monoparentales: cuando las vacaciones y la conciliaci\u00f3n encajan\"}]},{\"@type\":\"WebSite\",\"@id\":\"https:\\\/\\\/ndavant.cat\\\/es\\\/#website\",\"url\":\"https:\\\/\\\/ndavant.cat\\\/es\\\/\",\"name\":\"NDAVANT | Serveis de neteja, manteniment i FM\\\/FS\",\"description\":\"Empresa de serveis de neteja, manteniment i facility services \\\/ facility management\",\"publisher\":{\"@id\":\"https:\\\/\\\/ndavant.cat\\\/es\\\/#organization\"},\"potentialAction\":[{\"@type\":\"SearchAction\",\"target\":{\"@type\":\"EntryPoint\",\"urlTemplate\":\"https:\\\/\\\/ndavant.cat\\\/es\\\/?s={search_term_string}\"},\"query-input\":{\"@type\":\"PropertyValueSpecification\",\"valueRequired\":true,\"valueName\":\"search_term_string\"}}],\"inLanguage\":\"es\"},{\"@type\":\"Organization\",\"@id\":\"https:\\\/\\\/ndavant.cat\\\/es\\\/#organization\",\"name\":\"Ndavant\",\"url\":\"https:\\\/\\\/ndavant.cat\\\/es\\\/\",\"logo\":{\"@type\":\"ImageObject\",\"inLanguage\":\"es\",\"@id\":\"https:\\\/\\\/ndavant.cat\\\/es\\\/#\\\/schema\\\/logo\\\/image\\\/\",\"url\":\"https:\\\/\\\/ndavant.cat\\\/wp-content\\\/uploads\\\/2020\\\/05\\\/Logo-oficial-Ndavant.jpg\",\"contentUrl\":\"https:\\\/\\\/ndavant.cat\\\/wp-content\\\/uploads\\\/2020\\\/05\\\/Logo-oficial-Ndavant.jpg\",\"width\":451,\"height\":451,\"caption\":\"Ndavant\"},\"image\":{\"@id\":\"https:\\\/\\\/ndavant.cat\\\/es\\\/#\\\/schema\\\/logo\\\/image\\\/\"},\"sameAs\":[\"https:\\\/\\\/x.com\\\/ndavant\",\"https:\\\/\\\/www.linkedin.com\\\/company\\\/10988666\\\/\"]},{\"@type\":\"Person\",\"@id\":\"https:\\\/\\\/ndavant.cat\\\/es\\\/#\\\/schema\\\/person\\\/abeb7ca9ba80fea83b506476364f356f\",\"name\":\"Ndavant\",\"image\":{\"@type\":\"ImageObject\",\"inLanguage\":\"es\",\"@id\":\"https:\\\/\\\/secure.gravatar.com\\\/avatar\\\/e4a11cb61a1cf988b5ee40b636bdf7455ab3827d42af0fa3a08c07b3ada7ee8d?s=96&d=mm&r=g\",\"url\":\"https:\\\/\\\/secure.gravatar.com\\\/avatar\\\/e4a11cb61a1cf988b5ee40b636bdf7455ab3827d42af0fa3a08c07b3ada7ee8d?s=96&d=mm&r=g\",\"contentUrl\":\"https:\\\/\\\/secure.gravatar.com\\\/avatar\\\/e4a11cb61a1cf988b5ee40b636bdf7455ab3827d42af0fa3a08c07b3ada7ee8d?s=96&d=mm&r=g\",\"caption\":\"Ndavant\"}}]}<\/script>\n<!-- \/ Yoast SEO plugin. -->","yoast_head_json":{"title":"Casales de verano para familias monoparentales: vacaciones y conciliaci\u00f3n","description":"Desde Ndavant, hemos organizado casales de verano para profesionales de nuestro equipo que tienen familias monoparentales.","robots":{"index":"index","follow":"follow","max-snippet":"max-snippet:-1","max-image-preview":"max-image-preview:large","max-video-preview":"max-video-preview:-1"},"canonical":"https:\/\/ndavant.cat\/es\/casales-verano-familias-monoparentales-vacaciones-conciliacion\/","og_locale":"es_ES","og_type":"article","og_title":"Casales de verano para familias monoparentales: vacaciones y conciliaci\u00f3n","og_description":"Desde Ndavant, hemos organizado casales de verano para profesionales de nuestro equipo que tienen familias monoparentales.","og_url":"https:\/\/ndavant.cat\/es\/casales-verano-familias-monoparentales-vacaciones-conciliacion\/","og_site_name":"NDAVANT | Serveis de neteja, manteniment i FM\/FS","article_published_time":"2022-07-28T23:16:27+00:00","article_modified_time":"2022-09-02T23:30:01+00:00","og_image":[{"url":"https:\/\/ndavant.cat\/wp-content\/uploads\/2022\/07\/Conciliacio-i-vacances-als-casals-destiu-de-Ndavant-per-a-families-monoparentals.jpg","type":"","width":"","height":""}],"author":"Ndavant","twitter_card":"summary_large_image","twitter_image":"https:\/\/ndavant.cat\/wp-content\/uploads\/2022\/07\/Conciliacio-i-vacances-als-casals-destiu-de-Ndavant-per-a-families-monoparentals.jpg","twitter_creator":"@ndavant","twitter_site":"@ndavant","twitter_misc":{"Escrito por":"Ndavant","Tiempo de lectura":"5 minutos"},"schema":{"@context":"https:\/\/schema.org","@graph":[{"@type":"Article","@id":"https:\/\/ndavant.cat\/es\/casales-verano-familias-monoparentales-vacaciones-conciliacion\/#article","isPartOf":{"@id":"https:\/\/ndavant.cat\/es\/casales-verano-familias-monoparentales-vacaciones-conciliacion\/"},"author":{"name":"Ndavant","@id":"https:\/\/ndavant.cat\/es\/#\/schema\/person\/abeb7ca9ba80fea83b506476364f356f"},"headline":"Casales de verano para familias monoparentales: cuando las vacaciones y la conciliaci\u00f3n encajan","datePublished":"2022-07-28T23:16:27+00:00","dateModified":"2022-09-02T23:30:01+00:00","mainEntityOfPage":{"@id":"https:\/\/ndavant.cat\/es\/casales-verano-familias-monoparentales-vacaciones-conciliacion\/"},"wordCount":1073,"publisher":{"@id":"https:\/\/ndavant.cat\/es\/#organization"},"image":{"@id":"https:\/\/ndavant.cat\/es\/casales-verano-familias-monoparentales-vacaciones-conciliacion\/#primaryimage"},"thumbnailUrl":"https:\/\/ndavant.cat\/wp-content\/uploads\/2022\/07\/Conciliacio-i-vacances-als-casals-destiu-de-Ndavant-per-a-families-monoparentals.jpg","keywords":["compromiso social","conciliaci\u00f3n","diversidad","familias monoparentales","inclusi\u00f3n","RSC"],"articleSection":["Responsabilidad Social"],"inLanguage":"es"},{"@type":"WebPage","@id":"https:\/\/ndavant.cat\/es\/casales-verano-familias-monoparentales-vacaciones-conciliacion\/","url":"https:\/\/ndavant.cat\/es\/casales-verano-familias-monoparentales-vacaciones-conciliacion\/","name":"Casales de verano para familias monoparentales: vacaciones y conciliaci\u00f3n","isPartOf":{"@id":"https:\/\/ndavant.cat\/es\/#website"},"primaryImageOfPage":{"@id":"https:\/\/ndavant.cat\/es\/casales-verano-familias-monoparentales-vacaciones-conciliacion\/#primaryimage"},"image":{"@id":"https:\/\/ndavant.cat\/es\/casales-verano-familias-monoparentales-vacaciones-conciliacion\/#primaryimage"},"thumbnailUrl":"https:\/\/ndavant.cat\/wp-content\/uploads\/2022\/07\/Conciliacio-i-vacances-als-casals-destiu-de-Ndavant-per-a-families-monoparentals.jpg","datePublished":"2022-07-28T23:16:27+00:00","dateModified":"2022-09-02T23:30:01+00:00","description":"Desde Ndavant, hemos organizado casales de verano para profesionales de nuestro equipo que tienen familias monoparentales.","breadcrumb":{"@id":"https:\/\/ndavant.cat\/es\/casales-verano-familias-monoparentales-vacaciones-conciliacion\/#breadcrumb"},"inLanguage":"es","potentialAction":[{"@type":"ReadAction","target":["https:\/\/ndavant.cat\/es\/casales-verano-familias-monoparentales-vacaciones-conciliacion\/"]}]},{"@type":"ImageObject","inLanguage":"es","@id":"https:\/\/ndavant.cat\/es\/casales-verano-familias-monoparentales-vacaciones-conciliacion\/#primaryimage","url":"https:\/\/ndavant.cat\/wp-content\/uploads\/2022\/07\/Conciliacio-i-vacances-als-casals-destiu-de-Ndavant-per-a-families-monoparentals.jpg","contentUrl":"https:\/\/ndavant.cat\/wp-content\/uploads\/2022\/07\/Conciliacio-i-vacances-als-casals-destiu-de-Ndavant-per-a-families-monoparentals.jpg","width":800,"height":538,"caption":"Conciliaci\u00f3n y vacaciones en los casales de verano de Ndavant para familias monoparentales"},{"@type":"BreadcrumbList","@id":"https:\/\/ndavant.cat\/es\/casales-verano-familias-monoparentales-vacaciones-conciliacion\/#breadcrumb","itemListElement":[{"@type":"ListItem","position":1,"name":"Inici","item":"https:\/\/ndavant.cat\/es\/"},{"@type":"ListItem","position":2,"name":"Casales de verano para familias monoparentales: cuando las vacaciones y la conciliaci\u00f3n encajan"}]},{"@type":"WebSite","@id":"https:\/\/ndavant.cat\/es\/#website","url":"https:\/\/ndavant.cat\/es\/","name":"NDAVANT | Serveis de neteja, manteniment i FM\/FS","description":"Empresa de serveis de neteja, manteniment i facility services \/ facility management","publisher":{"@id":"https:\/\/ndavant.cat\/es\/#organization"},"potentialAction":[{"@type":"SearchAction","target":{"@type":"EntryPoint","urlTemplate":"https:\/\/ndavant.cat\/es\/?s={search_term_string}"},"query-input":{"@type":"PropertyValueSpecification","valueRequired":true,"valueName":"search_term_string"}}],"inLanguage":"es"},{"@type":"Organization","@id":"https:\/\/ndavant.cat\/es\/#organization","name":"Ndavant","url":"https:\/\/ndavant.cat\/es\/","logo":{"@type":"ImageObject","inLanguage":"es","@id":"https:\/\/ndavant.cat\/es\/#\/schema\/logo\/image\/","url":"https:\/\/ndavant.cat\/wp-content\/uploads\/2020\/05\/Logo-oficial-Ndavant.jpg","contentUrl":"https:\/\/ndavant.cat\/wp-content\/uploads\/2020\/05\/Logo-oficial-Ndavant.jpg","width":451,"height":451,"caption":"Ndavant"},"image":{"@id":"https:\/\/ndavant.cat\/es\/#\/schema\/logo\/image\/"},"sameAs":["https:\/\/x.com\/ndavant","https:\/\/www.linkedin.com\/company\/10988666\/"]},{"@type":"Person","@id":"https:\/\/ndavant.cat\/es\/#\/schema\/person\/abeb7ca9ba80fea83b506476364f356f","name":"Ndavant","image":{"@type":"ImageObject","inLanguage":"es","@id":"https:\/\/secure.gravatar.com\/avatar\/e4a11cb61a1cf988b5ee40b636bdf7455ab3827d42af0fa3a08c07b3ada7ee8d?s=96&d=mm&r=g","url":"https:\/\/secure.gravatar.com\/avatar\/e4a11cb61a1cf988b5ee40b636bdf7455ab3827d42af0fa3a08c07b3ada7ee8d?s=96&d=mm&r=g","contentUrl":"https:\/\/secure.gravatar.com\/avatar\/e4a11cb61a1cf988b5ee40b636bdf7455ab3827d42af0fa3a08c07b3ada7ee8d?s=96&d=mm&r=g","caption":"Ndavant"}}]}},"_links":{"self":[{"href":"https:\/\/ndavant.cat\/es\/wp-json\/wp\/v2\/posts\/4917","targetHints":{"allow":["GET"]}}],"collection":[{"href":"https:\/\/ndavant.cat\/es\/wp-json\/wp\/v2\/posts"}],"about":[{"href":"https:\/\/ndavant.cat\/es\/wp-json\/wp\/v2\/types\/post"}],"author":[{"embeddable":true,"href":"https:\/\/ndavant.cat\/es\/wp-json\/wp\/v2\/users\/1"}],"replies":[{"embeddable":true,"href":"https:\/\/ndavant.cat\/es\/wp-json\/wp\/v2\/comments?post=4917"}],"version-history":[{"count":3,"href":"https:\/\/ndavant.cat\/es\/wp-json\/wp\/v2\/posts\/4917\/revisions"}],"predecessor-version":[{"id":4920,"href":"https:\/\/ndavant.cat\/es\/wp-json\/wp\/v2\/posts\/4917\/revisions\/4920"}],"wp:featuredmedia":[{"embeddable":true,"href":"https:\/\/ndavant.cat\/es\/wp-json\/wp\/v2\/media\/4893"}],"wp:attachment":[{"href":"https:\/\/ndavant.cat\/es\/wp-json\/wp\/v2\/media?parent=4917"}],"wp:term":[{"taxonomy":"category","embeddable":true,"href":"https:\/\/ndavant.cat\/es\/wp-json\/wp\/v2\/categories?post=4917"},{"taxonomy":"post_tag","embeddable":true,"href":"https:\/\/ndavant.cat\/es\/wp-json\/wp\/v2\/tags?post=4917"}],"curies":[{"name":"wp","href":"https:\/\/api.w.org\/{rel}","templated":true}]}}