{"id":5578,"date":"2024-01-03T23:31:04","date_gmt":"2024-01-03T22:31:04","guid":{"rendered":"https:\/\/ndavant.cat\/?p=5578"},"modified":"2024-09-03T23:48:45","modified_gmt":"2024-09-03T21:48:45","slug":"contribuir-desarrollo-personas-sostenibilidad-organizaciones","status":"publish","type":"post","link":"https:\/\/ndavant.cat\/es\/contribuir-desarrollo-personas-sostenibilidad-organizaciones\/","title":{"rendered":"Contribuir al desarrollo de las personas es clave para la sostenibilidad de las organizaciones"},"content":{"rendered":"<p><strong>Art\u00edculo de opini\u00f3n de Ndavant para el<\/strong> <strong><a href=\"https:\/\/bit.ly\/dosierODS\">Dosier Corresponsables: 7\u00ba aniversario de los ODS.<\/a><\/strong><\/p>\n<p>En el contexto de una compa\u00f1\u00eda en la que trabajamos m\u00e1s de 5.000 personas, es l\u00f3gico pensar que son \u00e9stas el pilar fundamental de nuestra cadena de valor y que a ellas est\u00e1n dirigidas muchas de las acciones y buenas pr\u00e1cticas que llevamos a cabo.<\/p>\n<p>Iniciativas que no solo contribuyen al desarrollo de las personas, sino que est\u00e1n \u00edntimamente ligadas a los <strong>ODS y a la sostenibilidad<\/strong>.<\/p>\n<p>Sin dejar de lado aquellos objetivos relacionados con el cuidado del <strong>medio<\/strong>\u00a0<strong>ambiente<\/strong>\u00a0y de los\u00a0<strong>ecosistemas<\/strong>, creemos necesario destacar nuestras buenas pr\u00e1cticas dirigidas a establecer a la consecuci\u00f3n de los ODS que fomentan el crecimiento social\u00a0y econ\u00f3mico de nuestro entorno, ya que responden a nuestra propia naturaleza: una empresa de personas para personas.<\/p>\n<p>Desde nuestros or\u00edgenes, hemos generado alianzas con m\u00e1s de 150 entidades sociales y del Tercer Sector\u00a0para impulsar la\u00a0<strong>inserci\u00f3n sociolaboral de personas en situaci\u00f3n de vulnerabilidad<\/strong>; personas con discapacidad, en riesgo de exclusi\u00f3n social, mujeres v\u00edctimas de violencia de g\u00e9nero, personas desempleadas de larga duraci\u00f3n y j\u00f3venes en b\u00fasqueda de un primer empleo.<\/p>\n<p>Colaboramos para brindar oportunidades de trabajo y de especializaci\u00f3n profesional en el sector de la limpieza como herramientas de construcci\u00f3n de un futuro mejor para ellas.<\/p>\n<p>Debido a este compromiso, en la actualidad estos colectivos representan m\u00e1s del 9% de la plantilla de\u00a0<a href=\"https:\/\/ndavant.cat\/\">Ndavant<\/a>.<\/p>\n<p>&nbsp;<\/p>\n<h3>EL APOYO EN EL DESARROLLO DE LAS PERSONAS<\/h3>\n<p>Para hacerlo posible, ha sido imprescindible el compromiso e implicaci\u00f3n de toda la compa\u00f1\u00eda y, mediante el liderazgo de la Direcci\u00f3n, hemos logrado crear un <strong>sistema de gesti\u00f3n social\u00a0que promueve la igualdad de oportunidades<\/strong> para las personas, con independencia de su situaci\u00f3n, ya que tenemos el convencimiento que la vulnerabilidad, con la ayuda necesaria, puede dejarse atr\u00e1s.<\/p>\n<p>En este sentido, cabe destacar que una de nuestras piezas fundamentales es la\u00a0<strong>Unidad de Apoyo<\/strong>\u00a0<strong>a las Personas<\/strong>. Una figura profesional que se ha consolidado dentro de la empresa y que, mediante su intervenci\u00f3n, facilita y acompa\u00f1a estos procesos de inclusi\u00f3n, con tal de favorecer su estabilidad laboral y afianzar sus progresos laborales y vitales.<\/p>\n<p>Y m\u00e1s all\u00e1 de la inserci\u00f3n, quiero destacar una acci\u00f3n muy concreta, reciente, pero de gran calado, desarrollada para facilitar la conciliaci\u00f3n de nuestra plantilla en situaci\u00f3n vulnerable, que hace hincapi\u00e9 en la reducci\u00f3n de las desigualdades.<\/p>\n<p>Se trata de un proyecto que ha proporcionado el acceso de familias monoparentales maternas a diferentes opciones de casales de verano para sus hijos e hijas, permiti\u00e9ndoles compatibilizar su atenci\u00f3n y cuidado con el mantenimiento de su empleo en condiciones de normalidad.<\/p>\n<p>Un ejemplo, de los m\u00faltiples que intentamos llevar a cabo de forma continua con la finalidad que los objetivos globales y del <strong>Pacto Mundial<\/strong> que nos hemos fijado como sociedad, tengan una translaci\u00f3n efectiva para las personas que m\u00e1s lo necesitan.<\/p>\n<p>&#8212;<\/p>\n<p><strong>Montse Par\u00e9s Garcia,\u00a0<\/strong><strong>Delegada Social\u00a0de\u00a0<\/strong><a href=\"https:\/\/ndavant.cat\/es\"><strong>Ndavant<\/strong><\/a>, es trabajadora social\u00a0con 12 a\u00f1os de experiencia en la coordinaci\u00f3n y direcci\u00f3n de servicios de atenci\u00f3n a las personas mayores, y ahora desarrolla aspectos relacionados con la RSC y la sostenibilidad.<\/p>\n","protected":false},"excerpt":{"rendered":"<p>Iniciativas que no solo contribuyen al desarrollo de las personas, sino que est\u00e1n \u00edntimamente ligadas a los ODS y a la sostenibilidad.<\/p>\n","protected":false},"author":1,"featured_media":5579,"comment_status":"closed","ping_status":"open","sticky":false,"template":"","format":"standard","meta":{"_bbp_topic_count":0,"_bbp_reply_count":0,"_bbp_total_topic_count":0,"_bbp_total_reply_count":0,"_bbp_voice_count":0,"_bbp_anonymous_reply_count":0,"_bbp_topic_count_hidden":0,"_bbp_reply_count_hidden":0,"_bbp_forum_subforum_count":0,"footnotes":""},"categories":[205,295],"tags":[301,320,306],"class_list":["post-5578","post","type-post","status-publish","format-standard","has-post-thumbnail","hentry","category-portada-es","category-responsabilidad-social","tag-compromiso-social","tag-equipos-de-profesionales","tag-rsc-es"],"yoast_head":"<!-- This site is optimized with the Yoast SEO plugin v27.5 - https:\/\/yoast.com\/product\/yoast-seo-wordpress\/ -->\n<title>Contribuir al desarrollo de las personas es clave para la sostenibilidad de las organizaciones - NDAVANT | Serveis de neteja, manteniment i FM\/FS<\/title>\n<meta name=\"description\" content=\"Iniciativas que no solo contribuyen al desarrollo de las personas, sino que est\u00e1n \u00edntimamente ligadas a los ODS y a la sostenibilidad.\" \/>\n<meta name=\"robots\" content=\"index, follow, max-snippet:-1, max-image-preview:large, max-video-preview:-1\" \/>\n<link rel=\"canonical\" href=\"https:\/\/ndavant.cat\/es\/contribuir-desarrollo-personas-sostenibilidad-organizaciones\/\" \/>\n<meta property=\"og:locale\" content=\"es_ES\" \/>\n<meta property=\"og:type\" content=\"article\" \/>\n<meta property=\"og:title\" content=\"Contribuir al desarrollo de las personas es clave para la sostenibilidad de las organizaciones - NDAVANT | Serveis de neteja, manteniment i FM\/FS\" \/>\n<meta property=\"og:description\" content=\"Iniciativas que no solo contribuyen al desarrollo de las personas, sino que est\u00e1n \u00edntimamente ligadas a los ODS y a la sostenibilidad.\" \/>\n<meta property=\"og:url\" content=\"https:\/\/ndavant.cat\/es\/contribuir-desarrollo-personas-sostenibilidad-organizaciones\/\" \/>\n<meta property=\"og:site_name\" content=\"NDAVANT | Serveis de neteja, manteniment i FM\/FS\" \/>\n<meta property=\"article:published_time\" content=\"2024-01-03T22:31:04+00:00\" \/>\n<meta property=\"article:modified_time\" content=\"2024-09-03T21:48:45+00:00\" \/>\n<meta property=\"og:image\" content=\"https:\/\/ndavant.cat\/wp-content\/uploads\/2024\/09\/Desenvolupament-de-les-persones-en-les-organitzacions.jpg\" \/>\n\t<meta property=\"og:image:width\" content=\"800\" \/>\n\t<meta property=\"og:image:height\" content=\"538\" \/>\n\t<meta property=\"og:image:type\" content=\"image\/jpeg\" \/>\n<meta name=\"author\" content=\"Ndavant\" \/>\n<meta name=\"twitter:card\" content=\"summary_large_image\" \/>\n<meta name=\"twitter:creator\" content=\"@ndavant\" \/>\n<meta name=\"twitter:site\" content=\"@ndavant\" \/>\n<meta name=\"twitter:label1\" content=\"Escrito por\" \/>\n\t<meta name=\"twitter:data1\" content=\"Ndavant\" \/>\n\t<meta name=\"twitter:label2\" content=\"Tiempo de lectura\" \/>\n\t<meta name=\"twitter:data2\" content=\"1 minuto\" \/>\n<script type=\"application\/ld+json\" class=\"yoast-schema-graph\">{\"@context\":\"https:\\\/\\\/schema.org\",\"@graph\":[{\"@type\":\"Article\",\"@id\":\"https:\\\/\\\/ndavant.cat\\\/es\\\/contribuir-desarrollo-personas-sostenibilidad-organizaciones\\\/#article\",\"isPartOf\":{\"@id\":\"https:\\\/\\\/ndavant.cat\\\/es\\\/contribuir-desarrollo-personas-sostenibilidad-organizaciones\\\/\"},\"author\":{\"name\":\"Ndavant\",\"@id\":\"https:\\\/\\\/ndavant.cat\\\/es\\\/#\\\/schema\\\/person\\\/abeb7ca9ba80fea83b506476364f356f\"},\"headline\":\"Contribuir al desarrollo de las personas es clave para la sostenibilidad de las organizaciones\",\"datePublished\":\"2024-01-03T22:31:04+00:00\",\"dateModified\":\"2024-09-03T21:48:45+00:00\",\"mainEntityOfPage\":{\"@id\":\"https:\\\/\\\/ndavant.cat\\\/es\\\/contribuir-desarrollo-personas-sostenibilidad-organizaciones\\\/\"},\"wordCount\":575,\"publisher\":{\"@id\":\"https:\\\/\\\/ndavant.cat\\\/es\\\/#organization\"},\"image\":{\"@id\":\"https:\\\/\\\/ndavant.cat\\\/es\\\/contribuir-desarrollo-personas-sostenibilidad-organizaciones\\\/#primaryimage\"},\"thumbnailUrl\":\"https:\\\/\\\/ndavant.cat\\\/wp-content\\\/uploads\\\/2024\\\/09\\\/Desenvolupament-de-les-persones-en-les-organitzacions.jpg\",\"keywords\":[\"compromiso social\",\"equipos de profesionales\",\"RSC\"],\"articleSection\":[\"Portada\",\"Responsabilidad Social\"],\"inLanguage\":\"es\"},{\"@type\":\"WebPage\",\"@id\":\"https:\\\/\\\/ndavant.cat\\\/es\\\/contribuir-desarrollo-personas-sostenibilidad-organizaciones\\\/\",\"url\":\"https:\\\/\\\/ndavant.cat\\\/es\\\/contribuir-desarrollo-personas-sostenibilidad-organizaciones\\\/\",\"name\":\"Contribuir al desarrollo de las personas es clave para la sostenibilidad de las organizaciones - NDAVANT | Serveis de neteja, manteniment i FM\\\/FS\",\"isPartOf\":{\"@id\":\"https:\\\/\\\/ndavant.cat\\\/es\\\/#website\"},\"primaryImageOfPage\":{\"@id\":\"https:\\\/\\\/ndavant.cat\\\/es\\\/contribuir-desarrollo-personas-sostenibilidad-organizaciones\\\/#primaryimage\"},\"image\":{\"@id\":\"https:\\\/\\\/ndavant.cat\\\/es\\\/contribuir-desarrollo-personas-sostenibilidad-organizaciones\\\/#primaryimage\"},\"thumbnailUrl\":\"https:\\\/\\\/ndavant.cat\\\/wp-content\\\/uploads\\\/2024\\\/09\\\/Desenvolupament-de-les-persones-en-les-organitzacions.jpg\",\"datePublished\":\"2024-01-03T22:31:04+00:00\",\"dateModified\":\"2024-09-03T21:48:45+00:00\",\"description\":\"Iniciativas que no solo contribuyen al desarrollo de las personas, sino que est\u00e1n \u00edntimamente ligadas a los ODS y a la sostenibilidad.\",\"breadcrumb\":{\"@id\":\"https:\\\/\\\/ndavant.cat\\\/es\\\/contribuir-desarrollo-personas-sostenibilidad-organizaciones\\\/#breadcrumb\"},\"inLanguage\":\"es\",\"potentialAction\":[{\"@type\":\"ReadAction\",\"target\":[\"https:\\\/\\\/ndavant.cat\\\/es\\\/contribuir-desarrollo-personas-sostenibilidad-organizaciones\\\/\"]}]},{\"@type\":\"ImageObject\",\"inLanguage\":\"es\",\"@id\":\"https:\\\/\\\/ndavant.cat\\\/es\\\/contribuir-desarrollo-personas-sostenibilidad-organizaciones\\\/#primaryimage\",\"url\":\"https:\\\/\\\/ndavant.cat\\\/wp-content\\\/uploads\\\/2024\\\/09\\\/Desenvolupament-de-les-persones-en-les-organitzacions.jpg\",\"contentUrl\":\"https:\\\/\\\/ndavant.cat\\\/wp-content\\\/uploads\\\/2024\\\/09\\\/Desenvolupament-de-les-persones-en-les-organitzacions.jpg\",\"width\":800,\"height\":538,\"caption\":\"Desenvolupament de les persones en les organitzacions\"},{\"@type\":\"BreadcrumbList\",\"@id\":\"https:\\\/\\\/ndavant.cat\\\/es\\\/contribuir-desarrollo-personas-sostenibilidad-organizaciones\\\/#breadcrumb\",\"itemListElement\":[{\"@type\":\"ListItem\",\"position\":1,\"name\":\"Inici\",\"item\":\"https:\\\/\\\/ndavant.cat\\\/es\\\/\"},{\"@type\":\"ListItem\",\"position\":2,\"name\":\"Contribuir al desarrollo de las personas es clave para la sostenibilidad de las organizaciones\"}]},{\"@type\":\"WebSite\",\"@id\":\"https:\\\/\\\/ndavant.cat\\\/es\\\/#website\",\"url\":\"https:\\\/\\\/ndavant.cat\\\/es\\\/\",\"name\":\"NDAVANT | Serveis de neteja, manteniment i FM\\\/FS\",\"description\":\"Empresa de serveis de neteja, manteniment i facility services \\\/ facility management\",\"publisher\":{\"@id\":\"https:\\\/\\\/ndavant.cat\\\/es\\\/#organization\"},\"potentialAction\":[{\"@type\":\"SearchAction\",\"target\":{\"@type\":\"EntryPoint\",\"urlTemplate\":\"https:\\\/\\\/ndavant.cat\\\/es\\\/?s={search_term_string}\"},\"query-input\":{\"@type\":\"PropertyValueSpecification\",\"valueRequired\":true,\"valueName\":\"search_term_string\"}}],\"inLanguage\":\"es\"},{\"@type\":\"Organization\",\"@id\":\"https:\\\/\\\/ndavant.cat\\\/es\\\/#organization\",\"name\":\"Ndavant\",\"url\":\"https:\\\/\\\/ndavant.cat\\\/es\\\/\",\"logo\":{\"@type\":\"ImageObject\",\"inLanguage\":\"es\",\"@id\":\"https:\\\/\\\/ndavant.cat\\\/es\\\/#\\\/schema\\\/logo\\\/image\\\/\",\"url\":\"https:\\\/\\\/ndavant.cat\\\/wp-content\\\/uploads\\\/2020\\\/05\\\/Logo-oficial-Ndavant.jpg\",\"contentUrl\":\"https:\\\/\\\/ndavant.cat\\\/wp-content\\\/uploads\\\/2020\\\/05\\\/Logo-oficial-Ndavant.jpg\",\"width\":451,\"height\":451,\"caption\":\"Ndavant\"},\"image\":{\"@id\":\"https:\\\/\\\/ndavant.cat\\\/es\\\/#\\\/schema\\\/logo\\\/image\\\/\"},\"sameAs\":[\"https:\\\/\\\/x.com\\\/ndavant\",\"https:\\\/\\\/www.linkedin.com\\\/company\\\/10988666\\\/\"]},{\"@type\":\"Person\",\"@id\":\"https:\\\/\\\/ndavant.cat\\\/es\\\/#\\\/schema\\\/person\\\/abeb7ca9ba80fea83b506476364f356f\",\"name\":\"Ndavant\",\"image\":{\"@type\":\"ImageObject\",\"inLanguage\":\"es\",\"@id\":\"https:\\\/\\\/secure.gravatar.com\\\/avatar\\\/e4a11cb61a1cf988b5ee40b636bdf7455ab3827d42af0fa3a08c07b3ada7ee8d?s=96&d=mm&r=g\",\"url\":\"https:\\\/\\\/secure.gravatar.com\\\/avatar\\\/e4a11cb61a1cf988b5ee40b636bdf7455ab3827d42af0fa3a08c07b3ada7ee8d?s=96&d=mm&r=g\",\"contentUrl\":\"https:\\\/\\\/secure.gravatar.com\\\/avatar\\\/e4a11cb61a1cf988b5ee40b636bdf7455ab3827d42af0fa3a08c07b3ada7ee8d?s=96&d=mm&r=g\",\"caption\":\"Ndavant\"}}]}<\/script>\n<!-- \/ Yoast SEO plugin. -->","yoast_head_json":{"title":"Contribuir al desarrollo de las personas es clave para la sostenibilidad de las organizaciones - NDAVANT | Serveis de neteja, manteniment i FM\/FS","description":"Iniciativas que no solo contribuyen al desarrollo de las personas, sino que est\u00e1n \u00edntimamente ligadas a los ODS y a la sostenibilidad.","robots":{"index":"index","follow":"follow","max-snippet":"max-snippet:-1","max-image-preview":"max-image-preview:large","max-video-preview":"max-video-preview:-1"},"canonical":"https:\/\/ndavant.cat\/es\/contribuir-desarrollo-personas-sostenibilidad-organizaciones\/","og_locale":"es_ES","og_type":"article","og_title":"Contribuir al desarrollo de las personas es clave para la sostenibilidad de las organizaciones - NDAVANT | Serveis de neteja, manteniment i FM\/FS","og_description":"Iniciativas que no solo contribuyen al desarrollo de las personas, sino que est\u00e1n \u00edntimamente ligadas a los ODS y a la sostenibilidad.","og_url":"https:\/\/ndavant.cat\/es\/contribuir-desarrollo-personas-sostenibilidad-organizaciones\/","og_site_name":"NDAVANT | Serveis de neteja, manteniment i FM\/FS","article_published_time":"2024-01-03T22:31:04+00:00","article_modified_time":"2024-09-03T21:48:45+00:00","og_image":[{"width":800,"height":538,"url":"https:\/\/ndavant.cat\/wp-content\/uploads\/2024\/09\/Desenvolupament-de-les-persones-en-les-organitzacions.jpg","type":"image\/jpeg"}],"author":"Ndavant","twitter_card":"summary_large_image","twitter_creator":"@ndavant","twitter_site":"@ndavant","twitter_misc":{"Escrito por":"Ndavant","Tiempo de lectura":"1 minuto"},"schema":{"@context":"https:\/\/schema.org","@graph":[{"@type":"Article","@id":"https:\/\/ndavant.cat\/es\/contribuir-desarrollo-personas-sostenibilidad-organizaciones\/#article","isPartOf":{"@id":"https:\/\/ndavant.cat\/es\/contribuir-desarrollo-personas-sostenibilidad-organizaciones\/"},"author":{"name":"Ndavant","@id":"https:\/\/ndavant.cat\/es\/#\/schema\/person\/abeb7ca9ba80fea83b506476364f356f"},"headline":"Contribuir al desarrollo de las personas es clave para la sostenibilidad de las organizaciones","datePublished":"2024-01-03T22:31:04+00:00","dateModified":"2024-09-03T21:48:45+00:00","mainEntityOfPage":{"@id":"https:\/\/ndavant.cat\/es\/contribuir-desarrollo-personas-sostenibilidad-organizaciones\/"},"wordCount":575,"publisher":{"@id":"https:\/\/ndavant.cat\/es\/#organization"},"image":{"@id":"https:\/\/ndavant.cat\/es\/contribuir-desarrollo-personas-sostenibilidad-organizaciones\/#primaryimage"},"thumbnailUrl":"https:\/\/ndavant.cat\/wp-content\/uploads\/2024\/09\/Desenvolupament-de-les-persones-en-les-organitzacions.jpg","keywords":["compromiso social","equipos de profesionales","RSC"],"articleSection":["Portada","Responsabilidad Social"],"inLanguage":"es"},{"@type":"WebPage","@id":"https:\/\/ndavant.cat\/es\/contribuir-desarrollo-personas-sostenibilidad-organizaciones\/","url":"https:\/\/ndavant.cat\/es\/contribuir-desarrollo-personas-sostenibilidad-organizaciones\/","name":"Contribuir al desarrollo de las personas es clave para la sostenibilidad de las organizaciones - NDAVANT | Serveis de neteja, manteniment i FM\/FS","isPartOf":{"@id":"https:\/\/ndavant.cat\/es\/#website"},"primaryImageOfPage":{"@id":"https:\/\/ndavant.cat\/es\/contribuir-desarrollo-personas-sostenibilidad-organizaciones\/#primaryimage"},"image":{"@id":"https:\/\/ndavant.cat\/es\/contribuir-desarrollo-personas-sostenibilidad-organizaciones\/#primaryimage"},"thumbnailUrl":"https:\/\/ndavant.cat\/wp-content\/uploads\/2024\/09\/Desenvolupament-de-les-persones-en-les-organitzacions.jpg","datePublished":"2024-01-03T22:31:04+00:00","dateModified":"2024-09-03T21:48:45+00:00","description":"Iniciativas que no solo contribuyen al desarrollo de las personas, sino que est\u00e1n \u00edntimamente ligadas a los ODS y a la sostenibilidad.","breadcrumb":{"@id":"https:\/\/ndavant.cat\/es\/contribuir-desarrollo-personas-sostenibilidad-organizaciones\/#breadcrumb"},"inLanguage":"es","potentialAction":[{"@type":"ReadAction","target":["https:\/\/ndavant.cat\/es\/contribuir-desarrollo-personas-sostenibilidad-organizaciones\/"]}]},{"@type":"ImageObject","inLanguage":"es","@id":"https:\/\/ndavant.cat\/es\/contribuir-desarrollo-personas-sostenibilidad-organizaciones\/#primaryimage","url":"https:\/\/ndavant.cat\/wp-content\/uploads\/2024\/09\/Desenvolupament-de-les-persones-en-les-organitzacions.jpg","contentUrl":"https:\/\/ndavant.cat\/wp-content\/uploads\/2024\/09\/Desenvolupament-de-les-persones-en-les-organitzacions.jpg","width":800,"height":538,"caption":"Desenvolupament de les persones en les organitzacions"},{"@type":"BreadcrumbList","@id":"https:\/\/ndavant.cat\/es\/contribuir-desarrollo-personas-sostenibilidad-organizaciones\/#breadcrumb","itemListElement":[{"@type":"ListItem","position":1,"name":"Inici","item":"https:\/\/ndavant.cat\/es\/"},{"@type":"ListItem","position":2,"name":"Contribuir al desarrollo de las personas es clave para la sostenibilidad de las organizaciones"}]},{"@type":"WebSite","@id":"https:\/\/ndavant.cat\/es\/#website","url":"https:\/\/ndavant.cat\/es\/","name":"NDAVANT | Serveis de neteja, manteniment i FM\/FS","description":"Empresa de serveis de neteja, manteniment i facility services \/ facility management","publisher":{"@id":"https:\/\/ndavant.cat\/es\/#organization"},"potentialAction":[{"@type":"SearchAction","target":{"@type":"EntryPoint","urlTemplate":"https:\/\/ndavant.cat\/es\/?s={search_term_string}"},"query-input":{"@type":"PropertyValueSpecification","valueRequired":true,"valueName":"search_term_string"}}],"inLanguage":"es"},{"@type":"Organization","@id":"https:\/\/ndavant.cat\/es\/#organization","name":"Ndavant","url":"https:\/\/ndavant.cat\/es\/","logo":{"@type":"ImageObject","inLanguage":"es","@id":"https:\/\/ndavant.cat\/es\/#\/schema\/logo\/image\/","url":"https:\/\/ndavant.cat\/wp-content\/uploads\/2020\/05\/Logo-oficial-Ndavant.jpg","contentUrl":"https:\/\/ndavant.cat\/wp-content\/uploads\/2020\/05\/Logo-oficial-Ndavant.jpg","width":451,"height":451,"caption":"Ndavant"},"image":{"@id":"https:\/\/ndavant.cat\/es\/#\/schema\/logo\/image\/"},"sameAs":["https:\/\/x.com\/ndavant","https:\/\/www.linkedin.com\/company\/10988666\/"]},{"@type":"Person","@id":"https:\/\/ndavant.cat\/es\/#\/schema\/person\/abeb7ca9ba80fea83b506476364f356f","name":"Ndavant","image":{"@type":"ImageObject","inLanguage":"es","@id":"https:\/\/secure.gravatar.com\/avatar\/e4a11cb61a1cf988b5ee40b636bdf7455ab3827d42af0fa3a08c07b3ada7ee8d?s=96&d=mm&r=g","url":"https:\/\/secure.gravatar.com\/avatar\/e4a11cb61a1cf988b5ee40b636bdf7455ab3827d42af0fa3a08c07b3ada7ee8d?s=96&d=mm&r=g","contentUrl":"https:\/\/secure.gravatar.com\/avatar\/e4a11cb61a1cf988b5ee40b636bdf7455ab3827d42af0fa3a08c07b3ada7ee8d?s=96&d=mm&r=g","caption":"Ndavant"}}]}},"_links":{"self":[{"href":"https:\/\/ndavant.cat\/es\/wp-json\/wp\/v2\/posts\/5578","targetHints":{"allow":["GET"]}}],"collection":[{"href":"https:\/\/ndavant.cat\/es\/wp-json\/wp\/v2\/posts"}],"about":[{"href":"https:\/\/ndavant.cat\/es\/wp-json\/wp\/v2\/types\/post"}],"author":[{"embeddable":true,"href":"https:\/\/ndavant.cat\/es\/wp-json\/wp\/v2\/users\/1"}],"replies":[{"embeddable":true,"href":"https:\/\/ndavant.cat\/es\/wp-json\/wp\/v2\/comments?post=5578"}],"version-history":[{"count":1,"href":"https:\/\/ndavant.cat\/es\/wp-json\/wp\/v2\/posts\/5578\/revisions"}],"predecessor-version":[{"id":5581,"href":"https:\/\/ndavant.cat\/es\/wp-json\/wp\/v2\/posts\/5578\/revisions\/5581"}],"wp:featuredmedia":[{"embeddable":true,"href":"https:\/\/ndavant.cat\/es\/wp-json\/wp\/v2\/media\/5579"}],"wp:attachment":[{"href":"https:\/\/ndavant.cat\/es\/wp-json\/wp\/v2\/media?parent=5578"}],"wp:term":[{"taxonomy":"category","embeddable":true,"href":"https:\/\/ndavant.cat\/es\/wp-json\/wp\/v2\/categories?post=5578"},{"taxonomy":"post_tag","embeddable":true,"href":"https:\/\/ndavant.cat\/es\/wp-json\/wp\/v2\/tags?post=5578"}],"curies":[{"name":"wp","href":"https:\/\/api.w.org\/{rel}","templated":true}]}}