{"id":5844,"date":"2025-11-25T11:00:22","date_gmt":"2025-11-25T10:00:22","guid":{"rendered":"https:\/\/ndavant.cat\/?p=5844"},"modified":"2025-12-02T16:33:55","modified_gmt":"2025-12-02T15:33:55","slug":"ndavant-participa-en-las-jornadas-empresariales-inclusion-que-transforma-nuevos-liderazgos-en-el-mundo-empresarial-de-badalona","status":"publish","type":"post","link":"https:\/\/ndavant.cat\/es\/ndavant-participa-en-las-jornadas-empresariales-inclusion-que-transforma-nuevos-liderazgos-en-el-mundo-empresarial-de-badalona\/","title":{"rendered":"Ndavant participa en las jornadas empresariales \u201cInclusi\u00f3n que transforma. Nuevos liderazgos en el mundo empresarial\u201d de Badalona"},"content":{"rendered":"<div class=\"s-hl accssme-widget-content\"><a href=\"https:\/\/ndavant.cat\/es\/\"><strong class=\"accssme-widget-text\">Ndavant<\/strong><\/a>\u00a0particip\u00f3 en la\u00a0<strong class=\"accssme-widget-text\">jornada \u201cInclusi\u00f3n que transforma. Nuevos liderazgos en el mundo empresarial\u201d<\/strong>, celebrada el jueves 20 de noviembre en Marina Badalona, centrada en los retos socioecon\u00f3micos y las buenas pr\u00e1cticas para impulsar la inclusi\u00f3n sociolaboral de personas en situaci\u00f3n de vulnerabilidad.<\/div>\n<div><\/div>\n<div class=\"s-hl accssme-widget-content\">La jornada, organizada por la Fundaci\u00f3n Dona Activa, Fundaci\u00f3n Badalona Capa\u00e7 y el Ayuntamiento de Badalona, cont\u00f3 con la participaci\u00f3n de <strong class=\"accssme-widget-text\">David Bonveh\u00ed, director general de Econom\u00eda\u00a0Social\u00a0y del Cooperativismo del departamento de Empresa y Trabajo de la Generalitat de Catalu\u00f1a<\/strong>\u00a0y Cristina Ag\u00fcera, primera teniente de alcalde del Ayuntamiento de Badalona.<\/div>\n<div id=\"contenido-entrada\" class=\"entry-content rbct clearfix is-highlight-shares accssme-widget-content\">\n<p>&nbsp;<\/p>\n<h4><span style=\"color: #000000;\">PAPEL CLAVE DE LA COLABORACI\u00d3N P\u00daBLICO-PRIVADA<\/span><\/h4>\n<p class=\"accssme-widget-text\">La\u00a0<strong class=\"accssme-widget-text\">mesa redonda, moderada por Sara Berbel, asesora estrat\u00e9gica y doctora en Psicolog\u00eda\u00a0Social,<\/strong>\u00a0puso el acento en la necesidad de establecer alianzas s\u00f3lidas entre empresas, entidades del\u00a0tercer sector\u00a0y administraciones p\u00fablicas, y cont\u00f3 con la participaci\u00f3n de Caltor, Anudal, Ecomenja,\u00a0<strong class=\"accssme-widget-text\">Ndavant<\/strong>\u00a0y FCC Medioambiental. Durante su intervenci\u00f3n, Berbel remarc\u00f3 que \u201cla cooperaci\u00f3n entre todos los agentes es clave para transformar el tejido empresarial y generar oportunidades para personas que se encuentran en situaci\u00f3n de riesgo de exclusi\u00f3n\u201d y destac\u00f3 la necesidad de crear nuevos liderazgos que apuesten por el talento diverso dentro de sus equipos.<\/p>\n<p class=\"accssme-widget-text\">Por su parte,\u00a0<strong class=\"accssme-widget-text\">Rosa Llamas, Responsable de Recursos Humanos de Ndavant<\/strong>, puso en valor la importancia de crear pol\u00edticas p\u00fablicas que refuercen y acompa\u00f1en la contrataci\u00f3n de personas en situaci\u00f3n de vulnerabilidad, destacando el papel clave de la colaboraci\u00f3n p\u00fablico-privada para alcanzar una inclusi\u00f3n real y sostenible.<\/p>\n<p class=\"accssme-widget-text\">La jornada constituy\u00f3 un\u00a0<strong class=\"accssme-widget-text\">espacio de referencia para el intercambio de experiencias y la promoci\u00f3n de modelos empresariales inclusivos<\/strong>, con la participaci\u00f3n activa de empresas, entidades sociales y administraciones comprometidas con la diversidad y la econom\u00eda\u00a0social.<\/p>\n<\/div>\n<p>&nbsp;<\/p>\n<p>(Art\u00edculo publicado antes en <a href=\"https:\/\/www.corresponsables.com\/actualidad\/ndavant-participa-en-las-jornadas-empresariales-inclusion-que-transforma-nuevos-liderazgos-en-el-mundo-empresarial-de-badalona\/\">Corresponsables<\/a>)<\/p>\n","protected":false},"excerpt":{"rendered":"<p>La jornada constituy\u00f3 un espacio de referencia para el intercambio de experiencias y la promoci\u00f3n de modelos empresariales inclusivos.<\/p>\n","protected":false},"author":4,"featured_media":5854,"comment_status":"open","ping_status":"open","sticky":false,"template":"","format":"standard","meta":{"_bbp_topic_count":0,"_bbp_reply_count":0,"_bbp_total_topic_count":0,"_bbp_total_reply_count":0,"_bbp_voice_count":0,"_bbp_anonymous_reply_count":0,"_bbp_topic_count_hidden":0,"_bbp_reply_count_hidden":0,"_bbp_forum_subforum_count":0,"footnotes":""},"categories":[205,295],"tags":[318,353,319,350,351,352],"class_list":["post-5844","post","type-post","status-publish","format-standard","has-post-thumbnail","hentry","category-portada-es","category-responsabilidad-social","tag-diversidad","tag-economia-social","tag-inclusion","tag-jornadas-empresariales","tag-modelos-empresariales-inclusivos","tag-recursos-humanos"],"yoast_head":"<!-- This site is optimized with the Yoast SEO plugin v27.5 - https:\/\/yoast.com\/product\/yoast-seo-wordpress\/ -->\n<title>Ndavant participa en las jornadas empresariales \u201cInclusi\u00f3n que transforma. Nuevos liderazgos en el mundo empresarial\u201d de Badalona - NDAVANT | Serveis de neteja, manteniment i FM\/FS<\/title>\n<meta name=\"description\" content=\"La jornada constituy\u00f3 un espacio de referencia para el intercambio de experiencias y la promoci\u00f3n de modelos empresariales inclusivos.\" \/>\n<meta name=\"robots\" content=\"index, follow, max-snippet:-1, max-image-preview:large, max-video-preview:-1\" \/>\n<link rel=\"canonical\" href=\"https:\/\/ndavant.cat\/es\/ndavant-participa-en-las-jornadas-empresariales-inclusion-que-transforma-nuevos-liderazgos-en-el-mundo-empresarial-de-badalona\/\" \/>\n<meta property=\"og:locale\" content=\"es_ES\" \/>\n<meta property=\"og:type\" content=\"article\" \/>\n<meta property=\"og:title\" content=\"Ndavant participa en las jornadas empresariales \u201cInclusi\u00f3n que transforma. Nuevos liderazgos en el mundo empresarial\u201d de Badalona - NDAVANT | Serveis de neteja, manteniment i FM\/FS\" \/>\n<meta property=\"og:description\" content=\"La jornada constituy\u00f3 un espacio de referencia para el intercambio de experiencias y la promoci\u00f3n de modelos empresariales inclusivos.\" \/>\n<meta property=\"og:url\" content=\"https:\/\/ndavant.cat\/es\/ndavant-participa-en-las-jornadas-empresariales-inclusion-que-transforma-nuevos-liderazgos-en-el-mundo-empresarial-de-badalona\/\" \/>\n<meta property=\"og:site_name\" content=\"NDAVANT | Serveis de neteja, manteniment i FM\/FS\" \/>\n<meta property=\"article:published_time\" content=\"2025-11-25T10:00:22+00:00\" \/>\n<meta property=\"article:modified_time\" content=\"2025-12-02T15:33:55+00:00\" \/>\n<meta property=\"og:image\" content=\"https:\/\/ndavant.cat\/wp-content\/uploads\/2025\/11\/Ndavant_Jornadas_Badalona.jpg\" \/>\n\t<meta property=\"og:image:width\" content=\"800\" \/>\n\t<meta property=\"og:image:height\" content=\"540\" \/>\n\t<meta property=\"og:image:type\" content=\"image\/jpeg\" \/>\n<meta name=\"author\" content=\"Comunicacio\" \/>\n<meta name=\"twitter:card\" content=\"summary_large_image\" \/>\n<meta name=\"twitter:creator\" content=\"@ndavant\" \/>\n<meta name=\"twitter:site\" content=\"@ndavant\" \/>\n<meta name=\"twitter:label1\" content=\"Escrito por\" \/>\n\t<meta name=\"twitter:data1\" content=\"Comunicacio\" \/>\n\t<meta name=\"twitter:label2\" content=\"Tiempo de lectura\" \/>\n\t<meta name=\"twitter:data2\" content=\"2 minutos\" \/>\n<script type=\"application\/ld+json\" class=\"yoast-schema-graph\">{\"@context\":\"https:\\\/\\\/schema.org\",\"@graph\":[{\"@type\":\"Article\",\"@id\":\"https:\\\/\\\/ndavant.cat\\\/es\\\/ndavant-participa-en-las-jornadas-empresariales-inclusion-que-transforma-nuevos-liderazgos-en-el-mundo-empresarial-de-badalona\\\/#article\",\"isPartOf\":{\"@id\":\"https:\\\/\\\/ndavant.cat\\\/es\\\/ndavant-participa-en-las-jornadas-empresariales-inclusion-que-transforma-nuevos-liderazgos-en-el-mundo-empresarial-de-badalona\\\/\"},\"author\":{\"name\":\"Comunicacio\",\"@id\":\"https:\\\/\\\/ndavant.cat\\\/es\\\/#\\\/schema\\\/person\\\/d4328a870ef86ced80e0d1032a473a51\"},\"headline\":\"Ndavant participa en las jornadas empresariales \u201cInclusi\u00f3n que transforma. Nuevos liderazgos en el mundo empresarial\u201d de Badalona\",\"datePublished\":\"2025-11-25T10:00:22+00:00\",\"dateModified\":\"2025-12-02T15:33:55+00:00\",\"mainEntityOfPage\":{\"@id\":\"https:\\\/\\\/ndavant.cat\\\/es\\\/ndavant-participa-en-las-jornadas-empresariales-inclusion-que-transforma-nuevos-liderazgos-en-el-mundo-empresarial-de-badalona\\\/\"},\"wordCount\":341,\"commentCount\":0,\"publisher\":{\"@id\":\"https:\\\/\\\/ndavant.cat\\\/es\\\/#organization\"},\"image\":{\"@id\":\"https:\\\/\\\/ndavant.cat\\\/es\\\/ndavant-participa-en-las-jornadas-empresariales-inclusion-que-transforma-nuevos-liderazgos-en-el-mundo-empresarial-de-badalona\\\/#primaryimage\"},\"thumbnailUrl\":\"https:\\\/\\\/ndavant.cat\\\/wp-content\\\/uploads\\\/2025\\\/11\\\/Ndavant_Jornadas_Badalona.jpg\",\"keywords\":[\"diversidad\",\"econom\u00eda social\",\"inclusi\u00f3n\",\"jornadas empresariales\",\"modelos empresariales inclusivos\",\"Recursos Humanos\"],\"articleSection\":[\"Portada\",\"Responsabilidad Social\"],\"inLanguage\":\"es\",\"potentialAction\":[{\"@type\":\"CommentAction\",\"name\":\"Comment\",\"target\":[\"https:\\\/\\\/ndavant.cat\\\/es\\\/ndavant-participa-en-las-jornadas-empresariales-inclusion-que-transforma-nuevos-liderazgos-en-el-mundo-empresarial-de-badalona\\\/#respond\"]}]},{\"@type\":\"WebPage\",\"@id\":\"https:\\\/\\\/ndavant.cat\\\/es\\\/ndavant-participa-en-las-jornadas-empresariales-inclusion-que-transforma-nuevos-liderazgos-en-el-mundo-empresarial-de-badalona\\\/\",\"url\":\"https:\\\/\\\/ndavant.cat\\\/es\\\/ndavant-participa-en-las-jornadas-empresariales-inclusion-que-transforma-nuevos-liderazgos-en-el-mundo-empresarial-de-badalona\\\/\",\"name\":\"Ndavant participa en las jornadas empresariales \u201cInclusi\u00f3n que transforma. Nuevos liderazgos en el mundo empresarial\u201d de Badalona - NDAVANT | Serveis de neteja, manteniment i FM\\\/FS\",\"isPartOf\":{\"@id\":\"https:\\\/\\\/ndavant.cat\\\/es\\\/#website\"},\"primaryImageOfPage\":{\"@id\":\"https:\\\/\\\/ndavant.cat\\\/es\\\/ndavant-participa-en-las-jornadas-empresariales-inclusion-que-transforma-nuevos-liderazgos-en-el-mundo-empresarial-de-badalona\\\/#primaryimage\"},\"image\":{\"@id\":\"https:\\\/\\\/ndavant.cat\\\/es\\\/ndavant-participa-en-las-jornadas-empresariales-inclusion-que-transforma-nuevos-liderazgos-en-el-mundo-empresarial-de-badalona\\\/#primaryimage\"},\"thumbnailUrl\":\"https:\\\/\\\/ndavant.cat\\\/wp-content\\\/uploads\\\/2025\\\/11\\\/Ndavant_Jornadas_Badalona.jpg\",\"datePublished\":\"2025-11-25T10:00:22+00:00\",\"dateModified\":\"2025-12-02T15:33:55+00:00\",\"description\":\"La jornada constituy\u00f3 un espacio de referencia para el intercambio de experiencias y la promoci\u00f3n de modelos empresariales inclusivos.\",\"breadcrumb\":{\"@id\":\"https:\\\/\\\/ndavant.cat\\\/es\\\/ndavant-participa-en-las-jornadas-empresariales-inclusion-que-transforma-nuevos-liderazgos-en-el-mundo-empresarial-de-badalona\\\/#breadcrumb\"},\"inLanguage\":\"es\",\"potentialAction\":[{\"@type\":\"ReadAction\",\"target\":[\"https:\\\/\\\/ndavant.cat\\\/es\\\/ndavant-participa-en-las-jornadas-empresariales-inclusion-que-transforma-nuevos-liderazgos-en-el-mundo-empresarial-de-badalona\\\/\"]}]},{\"@type\":\"ImageObject\",\"inLanguage\":\"es\",\"@id\":\"https:\\\/\\\/ndavant.cat\\\/es\\\/ndavant-participa-en-las-jornadas-empresariales-inclusion-que-transforma-nuevos-liderazgos-en-el-mundo-empresarial-de-badalona\\\/#primaryimage\",\"url\":\"https:\\\/\\\/ndavant.cat\\\/wp-content\\\/uploads\\\/2025\\\/11\\\/Ndavant_Jornadas_Badalona.jpg\",\"contentUrl\":\"https:\\\/\\\/ndavant.cat\\\/wp-content\\\/uploads\\\/2025\\\/11\\\/Ndavant_Jornadas_Badalona.jpg\",\"width\":800,\"height\":540,\"caption\":\"Ndavant participa en las jornadas empresariales \u201cInclusi\u00f3n que transforma. Nuevos liderazgos en el mundo empresarial\u201d de Badalona\"},{\"@type\":\"BreadcrumbList\",\"@id\":\"https:\\\/\\\/ndavant.cat\\\/es\\\/ndavant-participa-en-las-jornadas-empresariales-inclusion-que-transforma-nuevos-liderazgos-en-el-mundo-empresarial-de-badalona\\\/#breadcrumb\",\"itemListElement\":[{\"@type\":\"ListItem\",\"position\":1,\"name\":\"Inici\",\"item\":\"https:\\\/\\\/ndavant.cat\\\/es\\\/\"},{\"@type\":\"ListItem\",\"position\":2,\"name\":\"Ndavant participa en las jornadas empresariales \u201cInclusi\u00f3n que transforma. Nuevos liderazgos en el mundo empresarial\u201d de Badalona\"}]},{\"@type\":\"WebSite\",\"@id\":\"https:\\\/\\\/ndavant.cat\\\/es\\\/#website\",\"url\":\"https:\\\/\\\/ndavant.cat\\\/es\\\/\",\"name\":\"NDAVANT | Serveis de neteja, manteniment i FM\\\/FS\",\"description\":\"Empresa de serveis de neteja, manteniment i facility services \\\/ facility management\",\"publisher\":{\"@id\":\"https:\\\/\\\/ndavant.cat\\\/es\\\/#organization\"},\"potentialAction\":[{\"@type\":\"SearchAction\",\"target\":{\"@type\":\"EntryPoint\",\"urlTemplate\":\"https:\\\/\\\/ndavant.cat\\\/es\\\/?s={search_term_string}\"},\"query-input\":{\"@type\":\"PropertyValueSpecification\",\"valueRequired\":true,\"valueName\":\"search_term_string\"}}],\"inLanguage\":\"es\"},{\"@type\":\"Organization\",\"@id\":\"https:\\\/\\\/ndavant.cat\\\/es\\\/#organization\",\"name\":\"Ndavant\",\"url\":\"https:\\\/\\\/ndavant.cat\\\/es\\\/\",\"logo\":{\"@type\":\"ImageObject\",\"inLanguage\":\"es\",\"@id\":\"https:\\\/\\\/ndavant.cat\\\/es\\\/#\\\/schema\\\/logo\\\/image\\\/\",\"url\":\"https:\\\/\\\/ndavant.cat\\\/wp-content\\\/uploads\\\/2020\\\/05\\\/Logo-oficial-Ndavant.jpg\",\"contentUrl\":\"https:\\\/\\\/ndavant.cat\\\/wp-content\\\/uploads\\\/2020\\\/05\\\/Logo-oficial-Ndavant.jpg\",\"width\":451,\"height\":451,\"caption\":\"Ndavant\"},\"image\":{\"@id\":\"https:\\\/\\\/ndavant.cat\\\/es\\\/#\\\/schema\\\/logo\\\/image\\\/\"},\"sameAs\":[\"https:\\\/\\\/x.com\\\/ndavant\",\"https:\\\/\\\/www.linkedin.com\\\/company\\\/10988666\\\/\"]},{\"@type\":\"Person\",\"@id\":\"https:\\\/\\\/ndavant.cat\\\/es\\\/#\\\/schema\\\/person\\\/d4328a870ef86ced80e0d1032a473a51\",\"name\":\"Comunicacio\",\"image\":{\"@type\":\"ImageObject\",\"inLanguage\":\"es\",\"@id\":\"https:\\\/\\\/secure.gravatar.com\\\/avatar\\\/c34842fbd822de3ca9a2f9d59c2faa5bfc475c83c2a1dedfa8f5348a1ff4e0cb?s=96&d=mm&r=g\",\"url\":\"https:\\\/\\\/secure.gravatar.com\\\/avatar\\\/c34842fbd822de3ca9a2f9d59c2faa5bfc475c83c2a1dedfa8f5348a1ff4e0cb?s=96&d=mm&r=g\",\"contentUrl\":\"https:\\\/\\\/secure.gravatar.com\\\/avatar\\\/c34842fbd822de3ca9a2f9d59c2faa5bfc475c83c2a1dedfa8f5348a1ff4e0cb?s=96&d=mm&r=g\",\"caption\":\"Comunicacio\"}}]}<\/script>\n<!-- \/ Yoast SEO plugin. -->","yoast_head_json":{"title":"Ndavant participa en las jornadas empresariales \u201cInclusi\u00f3n que transforma. Nuevos liderazgos en el mundo empresarial\u201d de Badalona - NDAVANT | Serveis de neteja, manteniment i FM\/FS","description":"La jornada constituy\u00f3 un espacio de referencia para el intercambio de experiencias y la promoci\u00f3n de modelos empresariales inclusivos.","robots":{"index":"index","follow":"follow","max-snippet":"max-snippet:-1","max-image-preview":"max-image-preview:large","max-video-preview":"max-video-preview:-1"},"canonical":"https:\/\/ndavant.cat\/es\/ndavant-participa-en-las-jornadas-empresariales-inclusion-que-transforma-nuevos-liderazgos-en-el-mundo-empresarial-de-badalona\/","og_locale":"es_ES","og_type":"article","og_title":"Ndavant participa en las jornadas empresariales \u201cInclusi\u00f3n que transforma. Nuevos liderazgos en el mundo empresarial\u201d de Badalona - NDAVANT | Serveis de neteja, manteniment i FM\/FS","og_description":"La jornada constituy\u00f3 un espacio de referencia para el intercambio de experiencias y la promoci\u00f3n de modelos empresariales inclusivos.","og_url":"https:\/\/ndavant.cat\/es\/ndavant-participa-en-las-jornadas-empresariales-inclusion-que-transforma-nuevos-liderazgos-en-el-mundo-empresarial-de-badalona\/","og_site_name":"NDAVANT | Serveis de neteja, manteniment i FM\/FS","article_published_time":"2025-11-25T10:00:22+00:00","article_modified_time":"2025-12-02T15:33:55+00:00","og_image":[{"width":800,"height":540,"url":"https:\/\/ndavant.cat\/wp-content\/uploads\/2025\/11\/Ndavant_Jornadas_Badalona.jpg","type":"image\/jpeg"}],"author":"Comunicacio","twitter_card":"summary_large_image","twitter_creator":"@ndavant","twitter_site":"@ndavant","twitter_misc":{"Escrito por":"Comunicacio","Tiempo de lectura":"2 minutos"},"schema":{"@context":"https:\/\/schema.org","@graph":[{"@type":"Article","@id":"https:\/\/ndavant.cat\/es\/ndavant-participa-en-las-jornadas-empresariales-inclusion-que-transforma-nuevos-liderazgos-en-el-mundo-empresarial-de-badalona\/#article","isPartOf":{"@id":"https:\/\/ndavant.cat\/es\/ndavant-participa-en-las-jornadas-empresariales-inclusion-que-transforma-nuevos-liderazgos-en-el-mundo-empresarial-de-badalona\/"},"author":{"name":"Comunicacio","@id":"https:\/\/ndavant.cat\/es\/#\/schema\/person\/d4328a870ef86ced80e0d1032a473a51"},"headline":"Ndavant participa en las jornadas empresariales \u201cInclusi\u00f3n que transforma. Nuevos liderazgos en el mundo empresarial\u201d de Badalona","datePublished":"2025-11-25T10:00:22+00:00","dateModified":"2025-12-02T15:33:55+00:00","mainEntityOfPage":{"@id":"https:\/\/ndavant.cat\/es\/ndavant-participa-en-las-jornadas-empresariales-inclusion-que-transforma-nuevos-liderazgos-en-el-mundo-empresarial-de-badalona\/"},"wordCount":341,"commentCount":0,"publisher":{"@id":"https:\/\/ndavant.cat\/es\/#organization"},"image":{"@id":"https:\/\/ndavant.cat\/es\/ndavant-participa-en-las-jornadas-empresariales-inclusion-que-transforma-nuevos-liderazgos-en-el-mundo-empresarial-de-badalona\/#primaryimage"},"thumbnailUrl":"https:\/\/ndavant.cat\/wp-content\/uploads\/2025\/11\/Ndavant_Jornadas_Badalona.jpg","keywords":["diversidad","econom\u00eda social","inclusi\u00f3n","jornadas empresariales","modelos empresariales inclusivos","Recursos Humanos"],"articleSection":["Portada","Responsabilidad Social"],"inLanguage":"es","potentialAction":[{"@type":"CommentAction","name":"Comment","target":["https:\/\/ndavant.cat\/es\/ndavant-participa-en-las-jornadas-empresariales-inclusion-que-transforma-nuevos-liderazgos-en-el-mundo-empresarial-de-badalona\/#respond"]}]},{"@type":"WebPage","@id":"https:\/\/ndavant.cat\/es\/ndavant-participa-en-las-jornadas-empresariales-inclusion-que-transforma-nuevos-liderazgos-en-el-mundo-empresarial-de-badalona\/","url":"https:\/\/ndavant.cat\/es\/ndavant-participa-en-las-jornadas-empresariales-inclusion-que-transforma-nuevos-liderazgos-en-el-mundo-empresarial-de-badalona\/","name":"Ndavant participa en las jornadas empresariales \u201cInclusi\u00f3n que transforma. Nuevos liderazgos en el mundo empresarial\u201d de Badalona - NDAVANT | Serveis de neteja, manteniment i FM\/FS","isPartOf":{"@id":"https:\/\/ndavant.cat\/es\/#website"},"primaryImageOfPage":{"@id":"https:\/\/ndavant.cat\/es\/ndavant-participa-en-las-jornadas-empresariales-inclusion-que-transforma-nuevos-liderazgos-en-el-mundo-empresarial-de-badalona\/#primaryimage"},"image":{"@id":"https:\/\/ndavant.cat\/es\/ndavant-participa-en-las-jornadas-empresariales-inclusion-que-transforma-nuevos-liderazgos-en-el-mundo-empresarial-de-badalona\/#primaryimage"},"thumbnailUrl":"https:\/\/ndavant.cat\/wp-content\/uploads\/2025\/11\/Ndavant_Jornadas_Badalona.jpg","datePublished":"2025-11-25T10:00:22+00:00","dateModified":"2025-12-02T15:33:55+00:00","description":"La jornada constituy\u00f3 un espacio de referencia para el intercambio de experiencias y la promoci\u00f3n de modelos empresariales inclusivos.","breadcrumb":{"@id":"https:\/\/ndavant.cat\/es\/ndavant-participa-en-las-jornadas-empresariales-inclusion-que-transforma-nuevos-liderazgos-en-el-mundo-empresarial-de-badalona\/#breadcrumb"},"inLanguage":"es","potentialAction":[{"@type":"ReadAction","target":["https:\/\/ndavant.cat\/es\/ndavant-participa-en-las-jornadas-empresariales-inclusion-que-transforma-nuevos-liderazgos-en-el-mundo-empresarial-de-badalona\/"]}]},{"@type":"ImageObject","inLanguage":"es","@id":"https:\/\/ndavant.cat\/es\/ndavant-participa-en-las-jornadas-empresariales-inclusion-que-transforma-nuevos-liderazgos-en-el-mundo-empresarial-de-badalona\/#primaryimage","url":"https:\/\/ndavant.cat\/wp-content\/uploads\/2025\/11\/Ndavant_Jornadas_Badalona.jpg","contentUrl":"https:\/\/ndavant.cat\/wp-content\/uploads\/2025\/11\/Ndavant_Jornadas_Badalona.jpg","width":800,"height":540,"caption":"Ndavant participa en las jornadas empresariales \u201cInclusi\u00f3n que transforma. Nuevos liderazgos en el mundo empresarial\u201d de Badalona"},{"@type":"BreadcrumbList","@id":"https:\/\/ndavant.cat\/es\/ndavant-participa-en-las-jornadas-empresariales-inclusion-que-transforma-nuevos-liderazgos-en-el-mundo-empresarial-de-badalona\/#breadcrumb","itemListElement":[{"@type":"ListItem","position":1,"name":"Inici","item":"https:\/\/ndavant.cat\/es\/"},{"@type":"ListItem","position":2,"name":"Ndavant participa en las jornadas empresariales \u201cInclusi\u00f3n que transforma. Nuevos liderazgos en el mundo empresarial\u201d de Badalona"}]},{"@type":"WebSite","@id":"https:\/\/ndavant.cat\/es\/#website","url":"https:\/\/ndavant.cat\/es\/","name":"NDAVANT | Serveis de neteja, manteniment i FM\/FS","description":"Empresa de serveis de neteja, manteniment i facility services \/ facility management","publisher":{"@id":"https:\/\/ndavant.cat\/es\/#organization"},"potentialAction":[{"@type":"SearchAction","target":{"@type":"EntryPoint","urlTemplate":"https:\/\/ndavant.cat\/es\/?s={search_term_string}"},"query-input":{"@type":"PropertyValueSpecification","valueRequired":true,"valueName":"search_term_string"}}],"inLanguage":"es"},{"@type":"Organization","@id":"https:\/\/ndavant.cat\/es\/#organization","name":"Ndavant","url":"https:\/\/ndavant.cat\/es\/","logo":{"@type":"ImageObject","inLanguage":"es","@id":"https:\/\/ndavant.cat\/es\/#\/schema\/logo\/image\/","url":"https:\/\/ndavant.cat\/wp-content\/uploads\/2020\/05\/Logo-oficial-Ndavant.jpg","contentUrl":"https:\/\/ndavant.cat\/wp-content\/uploads\/2020\/05\/Logo-oficial-Ndavant.jpg","width":451,"height":451,"caption":"Ndavant"},"image":{"@id":"https:\/\/ndavant.cat\/es\/#\/schema\/logo\/image\/"},"sameAs":["https:\/\/x.com\/ndavant","https:\/\/www.linkedin.com\/company\/10988666\/"]},{"@type":"Person","@id":"https:\/\/ndavant.cat\/es\/#\/schema\/person\/d4328a870ef86ced80e0d1032a473a51","name":"Comunicacio","image":{"@type":"ImageObject","inLanguage":"es","@id":"https:\/\/secure.gravatar.com\/avatar\/c34842fbd822de3ca9a2f9d59c2faa5bfc475c83c2a1dedfa8f5348a1ff4e0cb?s=96&d=mm&r=g","url":"https:\/\/secure.gravatar.com\/avatar\/c34842fbd822de3ca9a2f9d59c2faa5bfc475c83c2a1dedfa8f5348a1ff4e0cb?s=96&d=mm&r=g","contentUrl":"https:\/\/secure.gravatar.com\/avatar\/c34842fbd822de3ca9a2f9d59c2faa5bfc475c83c2a1dedfa8f5348a1ff4e0cb?s=96&d=mm&r=g","caption":"Comunicacio"}}]}},"_links":{"self":[{"href":"https:\/\/ndavant.cat\/es\/wp-json\/wp\/v2\/posts\/5844","targetHints":{"allow":["GET"]}}],"collection":[{"href":"https:\/\/ndavant.cat\/es\/wp-json\/wp\/v2\/posts"}],"about":[{"href":"https:\/\/ndavant.cat\/es\/wp-json\/wp\/v2\/types\/post"}],"author":[{"embeddable":true,"href":"https:\/\/ndavant.cat\/es\/wp-json\/wp\/v2\/users\/4"}],"replies":[{"embeddable":true,"href":"https:\/\/ndavant.cat\/es\/wp-json\/wp\/v2\/comments?post=5844"}],"version-history":[{"count":3,"href":"https:\/\/ndavant.cat\/es\/wp-json\/wp\/v2\/posts\/5844\/revisions"}],"predecessor-version":[{"id":5850,"href":"https:\/\/ndavant.cat\/es\/wp-json\/wp\/v2\/posts\/5844\/revisions\/5850"}],"wp:featuredmedia":[{"embeddable":true,"href":"https:\/\/ndavant.cat\/es\/wp-json\/wp\/v2\/media\/5854"}],"wp:attachment":[{"href":"https:\/\/ndavant.cat\/es\/wp-json\/wp\/v2\/media?parent=5844"}],"wp:term":[{"taxonomy":"category","embeddable":true,"href":"https:\/\/ndavant.cat\/es\/wp-json\/wp\/v2\/categories?post=5844"},{"taxonomy":"post_tag","embeddable":true,"href":"https:\/\/ndavant.cat\/es\/wp-json\/wp\/v2\/tags?post=5844"}],"curies":[{"name":"wp","href":"https:\/\/api.w.org\/{rel}","templated":true}]}}