{"id":5869,"date":"2025-12-20T10:30:12","date_gmt":"2025-12-20T09:30:12","guid":{"rendered":"https:\/\/ndavant.cat\/?p=5869"},"modified":"2026-04-09T12:53:53","modified_gmt":"2026-04-09T10:53:53","slug":"rosa-llamas-la-inclusion-no-puede-ser-un-esfuerzo-aislado","status":"publish","type":"post","link":"https:\/\/ndavant.cat\/es\/rosa-llamas-la-inclusion-no-puede-ser-un-esfuerzo-aislado\/","title":{"rendered":"Rosa Llamas: \u00abLa inclusi\u00f3n no puede ser un esfuerzo aislado\u00bb"},"content":{"rendered":"<p>La revista en l\u00ednea <a href=\"https:\/\/www.corresponsables.com\/\" target=\"_blank\" rel=\"noopener\"><strong>Corresponsables<\/strong><\/a>, portal referente en responsabilidad social y ODS, ha entrevistado a Rosa Llamas, responsable de Recursos Humanos de Ndavant, con motivo de su participaci\u00f3n en el <a href=\"https:\/\/ndavant.cat\/ndavant-participa-en-les-jornades-empresarials-inclusio-que-transforma-nous-lideratges-en-el-mon-empresarial-de-badalona\/\" target=\"_blank\" rel=\"noopener\">encuentro empresarial sobre inclusi\u00f3n sociolaboral &#8216;Inclusi\u00f3n que transforma&#8217;<\/a> que tuvo lugar en Badalona.<\/p>\n<p>&nbsp;<\/p>\n<p><em><strong>&#8211; Ndavant tuvo un papel activo en el encuentro empresarial sobre inclusi\u00f3n sociolaboral \u201cInclusi\u00f3n que transforma\u201d. \u00bfQu\u00e9 valoraci\u00f3n hace de vuestra participaci\u00f3n y qu\u00e9 aprendizajes clave destacar\u00edas de la jornada?<\/strong><\/em><\/p>\n<p><em>Nuestra participaci\u00f3n en la jornada \u201cInclusi\u00f3n que transforma, nuevos liderazgos en el mundo laboral\u201d fue muy enriquecedora. Se consigui\u00f3\u00a0<strong>crear un espacio en el que dar visibilidad al compromiso real de las empresas y entidades participantes<\/strong>, con el objetivo de la inclusi\u00f3n sociolaboral y compartir buenas pr\u00e1cticas.<\/em><\/p>\n<p><em>El principal aprendizaje es que\u00a0<strong>la inclusi\u00f3n no puede ser un esfuerzo aislado<\/strong>, sino que requiere de alianzas s\u00f3lidas entre empresas, administraciones y entidades sociales, as\u00ed como de pol\u00edticas p\u00fablicas viables que acompa\u00f1en la contrataci\u00f3n de personas en situaci\u00f3n de vulnerabilidad. Adem\u00e1s, durante la jornada se reafirm\u00f3 la necesidad de nuevos liderazgos en las empresas que apuesten por la diversidad como motor de innovaci\u00f3n y cohesi\u00f3n\u00a0social.<\/em><\/p>\n<p id=\"desde-la-perspectiva-de-los-recursos-humanos-que-iniciativas-o-politicas-esta-implementando-ndavant-para-favorecer-la-contratacion-y-la-integracion-de-personas-en-situacion-de-vulnerabilidad\" class=\"rb-heading-index-1-433019\"><em><strong>&#8211; Desde la perspectiva de los recursos humanos, \u00bfqu\u00e9 iniciativas o pol\u00edticas est\u00e1 implementando Ndavant para favorecer la contrataci\u00f3n y la integraci\u00f3n de personas en situaci\u00f3n de vulnerabilidad?<\/strong><\/em><\/p>\n<p><em>Desde Ndavant contamos con<strong>\u00a0convenios de colaboraci\u00f3n con ayuntamientos y entidades sociales locales<\/strong>, que nos ayudan a encontrar candidaturas que puedan encontrarse en situaci\u00f3n de vulnerabilidad, y a las que ofrecer oportunidades laborales.<\/em><\/p>\n<p><em>Para ello, contamos con profesionales dedicadas a ofrecer especial atenci\u00f3n a las necesidades socio-laborales de la plantilla, compuesta por la figura de la Delegada\u00a0Social, que hace de intermediaci\u00f3n entre entidades sociales especializadas, la propia organizaci\u00f3n de los servicios y el \u00e1rea de recursos humanos, y tambi\u00e9n ponemos especial \u00e9nfasis, en nuestra\u00a0<strong>Unidad de Apoyo a las Personas (UAP)<\/strong>, una figura propia y habitual de los\u00a0<strong>Centros Especiales de Empleo<\/strong>, pero que en Ndavant decidimos incorporarla a pesar de ser una empresa ordinaria, y que facilita el acompa\u00f1amiento, soporte\u00a0 de las personas que estando en activo en la empresa, puedan presentar dificultades de adaptaci\u00f3n, reforzando la empleabilidad y la mejora de su atenci\u00f3n\u00a0social\u00a0y psicol\u00f3gica, mediante el acompa\u00f1amiento continuado.<\/em><\/p>\n<p><em>Estas acciones se complementan con\u00a0<strong>pol\u00edticas internas de igualdad de oportunidades, protocolos contra la discriminaci\u00f3n, el acoso sexual y\/o laboral<\/strong>, y programas formativos de sensibilizaci\u00f3n en nuestros equipos y l\u00ednea de mandos intermedios.<\/em><\/p>\n<p>&nbsp;<\/p>\n<p>Puedes leer la entrevista completa a: <a href=\"https:\/\/www.corresponsables.com\/entrevistas\/rosa-llamas-resposable-rrhh-ndavant\/\" target=\"_blank\" rel=\"noopener\">Rosa Llamas: \u00abLa inclusi\u00f3n no puede ser un esfuerzo aislado, requiere de alianzas s\u00f3lidas entre empresas, administraciones y entidades sociales\u00bb &#8211; Corresponsables<\/a>.<\/p>\n","protected":false},"excerpt":{"rendered":"<p>Ndavant cuenta con convenios de colaboraci\u00f3n con ayuntamientos y entidades sociales locales para ofrecer oportunidades laborales a personas en situaci\u00f3n de vulnerabilidad. <\/p>\n","protected":false},"author":4,"featured_media":5871,"comment_status":"open","ping_status":"open","sticky":false,"template":"","format":"standard","meta":{"_bbp_topic_count":0,"_bbp_reply_count":0,"_bbp_total_topic_count":0,"_bbp_total_reply_count":0,"_bbp_voice_count":0,"_bbp_anonymous_reply_count":0,"_bbp_topic_count_hidden":0,"_bbp_reply_count_hidden":0,"_bbp_forum_subforum_count":0,"footnotes":""},"categories":[205,295],"tags":[318,353,319,350,359,358,352,306],"class_list":["post-5869","post","type-post","status-publish","format-standard","has-post-thumbnail","hentry","category-portada-es","category-responsabilidad-social","tag-diversidad","tag-economia-social","tag-inclusion","tag-jornadas-empresariales","tag-modelos-empresariales","tag-ods","tag-recursos-humanos","tag-rsc-es"],"yoast_head":"<!-- This site is optimized with the Yoast SEO plugin v27.4 - https:\/\/yoast.com\/product\/yoast-seo-wordpress\/ -->\n<title>Rosa Llamas: \u00abLa inclusi\u00f3n no puede ser un esfuerzo aislado\u00bb - NDAVANT | Serveis de neteja, manteniment i FM\/FS<\/title>\n<meta name=\"description\" content=\"Ndavant colabora con ayuntamientos y entidades sociales locales para ofrecer oportunidades laborales inclusivas a colectivos vulnerables.\" \/>\n<meta name=\"robots\" content=\"index, follow, max-snippet:-1, max-image-preview:large, max-video-preview:-1\" \/>\n<link rel=\"canonical\" href=\"https:\/\/ndavant.cat\/es\/rosa-llamas-la-inclusion-no-puede-ser-un-esfuerzo-aislado\/\" \/>\n<meta property=\"og:locale\" content=\"es_ES\" \/>\n<meta property=\"og:type\" content=\"article\" \/>\n<meta property=\"og:title\" content=\"Rosa Llamas: \u00abLa inclusi\u00f3n no puede ser un esfuerzo aislado\u00bb - NDAVANT | Serveis de neteja, manteniment i FM\/FS\" \/>\n<meta property=\"og:description\" content=\"Ndavant colabora con ayuntamientos y entidades sociales locales para ofrecer oportunidades laborales inclusivas a colectivos vulnerables.\" \/>\n<meta property=\"og:url\" content=\"https:\/\/ndavant.cat\/es\/rosa-llamas-la-inclusion-no-puede-ser-un-esfuerzo-aislado\/\" \/>\n<meta property=\"og:site_name\" content=\"NDAVANT | Serveis de neteja, manteniment i FM\/FS\" \/>\n<meta property=\"article:published_time\" content=\"2025-12-20T09:30:12+00:00\" \/>\n<meta property=\"article:modified_time\" content=\"2026-04-09T10:53:53+00:00\" \/>\n<meta property=\"og:image\" content=\"https:\/\/ndavant.cat\/wp-content\/uploads\/2026\/01\/Entrevista-a-Rosa-Llamas-responsable-Recursos-Humanos-Ndavant.jpg\" \/>\n\t<meta property=\"og:image:width\" content=\"800\" \/>\n\t<meta property=\"og:image:height\" content=\"540\" \/>\n\t<meta property=\"og:image:type\" content=\"image\/jpeg\" \/>\n<meta name=\"author\" content=\"Comunicacio\" \/>\n<meta name=\"twitter:card\" content=\"summary_large_image\" \/>\n<meta name=\"twitter:creator\" content=\"@ndavant\" \/>\n<meta name=\"twitter:site\" content=\"@ndavant\" \/>\n<meta name=\"twitter:label1\" content=\"Escrito por\" \/>\n\t<meta name=\"twitter:data1\" content=\"Comunicacio\" \/>\n\t<meta name=\"twitter:label2\" content=\"Tiempo de lectura\" \/>\n\t<meta name=\"twitter:data2\" content=\"3 minutos\" \/>\n<script type=\"application\/ld+json\" class=\"yoast-schema-graph\">{\"@context\":\"https:\\\/\\\/schema.org\",\"@graph\":[{\"@type\":\"Article\",\"@id\":\"https:\\\/\\\/ndavant.cat\\\/es\\\/rosa-llamas-la-inclusion-no-puede-ser-un-esfuerzo-aislado\\\/#article\",\"isPartOf\":{\"@id\":\"https:\\\/\\\/ndavant.cat\\\/es\\\/rosa-llamas-la-inclusion-no-puede-ser-un-esfuerzo-aislado\\\/\"},\"author\":{\"name\":\"Comunicacio\",\"@id\":\"https:\\\/\\\/ndavant.cat\\\/es\\\/#\\\/schema\\\/person\\\/d4328a870ef86ced80e0d1032a473a51\"},\"headline\":\"Rosa Llamas: \u00abLa inclusi\u00f3n no puede ser un esfuerzo aislado\u00bb\",\"datePublished\":\"2025-12-20T09:30:12+00:00\",\"dateModified\":\"2026-04-09T10:53:53+00:00\",\"mainEntityOfPage\":{\"@id\":\"https:\\\/\\\/ndavant.cat\\\/es\\\/rosa-llamas-la-inclusion-no-puede-ser-un-esfuerzo-aislado\\\/\"},\"wordCount\":487,\"commentCount\":0,\"publisher\":{\"@id\":\"https:\\\/\\\/ndavant.cat\\\/es\\\/#organization\"},\"image\":{\"@id\":\"https:\\\/\\\/ndavant.cat\\\/es\\\/rosa-llamas-la-inclusion-no-puede-ser-un-esfuerzo-aislado\\\/#primaryimage\"},\"thumbnailUrl\":\"https:\\\/\\\/ndavant.cat\\\/wp-content\\\/uploads\\\/2026\\\/01\\\/Entrevista-a-Rosa-Llamas-responsable-Recursos-Humanos-Ndavant.jpg\",\"keywords\":[\"diversidad\",\"econom\u00eda social\",\"inclusi\u00f3n\",\"jornadas empresariales\",\"modelos empresariales\",\"ODS\",\"Recursos Humanos\",\"RSC\"],\"articleSection\":[\"Portada\",\"Responsabilidad Social\"],\"inLanguage\":\"es\",\"potentialAction\":[{\"@type\":\"CommentAction\",\"name\":\"Comment\",\"target\":[\"https:\\\/\\\/ndavant.cat\\\/es\\\/rosa-llamas-la-inclusion-no-puede-ser-un-esfuerzo-aislado\\\/#respond\"]}]},{\"@type\":\"WebPage\",\"@id\":\"https:\\\/\\\/ndavant.cat\\\/es\\\/rosa-llamas-la-inclusion-no-puede-ser-un-esfuerzo-aislado\\\/\",\"url\":\"https:\\\/\\\/ndavant.cat\\\/es\\\/rosa-llamas-la-inclusion-no-puede-ser-un-esfuerzo-aislado\\\/\",\"name\":\"Rosa Llamas: \u00abLa inclusi\u00f3n no puede ser un esfuerzo aislado\u00bb - NDAVANT | Serveis de neteja, manteniment i FM\\\/FS\",\"isPartOf\":{\"@id\":\"https:\\\/\\\/ndavant.cat\\\/es\\\/#website\"},\"primaryImageOfPage\":{\"@id\":\"https:\\\/\\\/ndavant.cat\\\/es\\\/rosa-llamas-la-inclusion-no-puede-ser-un-esfuerzo-aislado\\\/#primaryimage\"},\"image\":{\"@id\":\"https:\\\/\\\/ndavant.cat\\\/es\\\/rosa-llamas-la-inclusion-no-puede-ser-un-esfuerzo-aislado\\\/#primaryimage\"},\"thumbnailUrl\":\"https:\\\/\\\/ndavant.cat\\\/wp-content\\\/uploads\\\/2026\\\/01\\\/Entrevista-a-Rosa-Llamas-responsable-Recursos-Humanos-Ndavant.jpg\",\"datePublished\":\"2025-12-20T09:30:12+00:00\",\"dateModified\":\"2026-04-09T10:53:53+00:00\",\"description\":\"Ndavant colabora con ayuntamientos y entidades sociales locales para ofrecer oportunidades laborales inclusivas a colectivos vulnerables.\",\"breadcrumb\":{\"@id\":\"https:\\\/\\\/ndavant.cat\\\/es\\\/rosa-llamas-la-inclusion-no-puede-ser-un-esfuerzo-aislado\\\/#breadcrumb\"},\"inLanguage\":\"es\",\"potentialAction\":[{\"@type\":\"ReadAction\",\"target\":[\"https:\\\/\\\/ndavant.cat\\\/es\\\/rosa-llamas-la-inclusion-no-puede-ser-un-esfuerzo-aislado\\\/\"]}]},{\"@type\":\"ImageObject\",\"inLanguage\":\"es\",\"@id\":\"https:\\\/\\\/ndavant.cat\\\/es\\\/rosa-llamas-la-inclusion-no-puede-ser-un-esfuerzo-aislado\\\/#primaryimage\",\"url\":\"https:\\\/\\\/ndavant.cat\\\/wp-content\\\/uploads\\\/2026\\\/01\\\/Entrevista-a-Rosa-Llamas-responsable-Recursos-Humanos-Ndavant.jpg\",\"contentUrl\":\"https:\\\/\\\/ndavant.cat\\\/wp-content\\\/uploads\\\/2026\\\/01\\\/Entrevista-a-Rosa-Llamas-responsable-Recursos-Humanos-Ndavant.jpg\",\"width\":800,\"height\":540,\"caption\":\"Rosa Llamas: \u00abLa inclusi\u00f3n no puede ser un esfuerzo aislado\u00bb\"},{\"@type\":\"BreadcrumbList\",\"@id\":\"https:\\\/\\\/ndavant.cat\\\/es\\\/rosa-llamas-la-inclusion-no-puede-ser-un-esfuerzo-aislado\\\/#breadcrumb\",\"itemListElement\":[{\"@type\":\"ListItem\",\"position\":1,\"name\":\"Inici\",\"item\":\"https:\\\/\\\/ndavant.cat\\\/es\\\/\"},{\"@type\":\"ListItem\",\"position\":2,\"name\":\"Rosa Llamas: \u00abLa inclusi\u00f3n no puede ser un esfuerzo aislado\u00bb\"}]},{\"@type\":\"WebSite\",\"@id\":\"https:\\\/\\\/ndavant.cat\\\/es\\\/#website\",\"url\":\"https:\\\/\\\/ndavant.cat\\\/es\\\/\",\"name\":\"NDAVANT | Serveis de neteja, manteniment i FM\\\/FS\",\"description\":\"Empresa de serveis de neteja, manteniment i facility services \\\/ facility management\",\"publisher\":{\"@id\":\"https:\\\/\\\/ndavant.cat\\\/es\\\/#organization\"},\"potentialAction\":[{\"@type\":\"SearchAction\",\"target\":{\"@type\":\"EntryPoint\",\"urlTemplate\":\"https:\\\/\\\/ndavant.cat\\\/es\\\/?s={search_term_string}\"},\"query-input\":{\"@type\":\"PropertyValueSpecification\",\"valueRequired\":true,\"valueName\":\"search_term_string\"}}],\"inLanguage\":\"es\"},{\"@type\":\"Organization\",\"@id\":\"https:\\\/\\\/ndavant.cat\\\/es\\\/#organization\",\"name\":\"Ndavant\",\"url\":\"https:\\\/\\\/ndavant.cat\\\/es\\\/\",\"logo\":{\"@type\":\"ImageObject\",\"inLanguage\":\"es\",\"@id\":\"https:\\\/\\\/ndavant.cat\\\/es\\\/#\\\/schema\\\/logo\\\/image\\\/\",\"url\":\"https:\\\/\\\/ndavant.cat\\\/wp-content\\\/uploads\\\/2020\\\/05\\\/Logo-oficial-Ndavant.jpg\",\"contentUrl\":\"https:\\\/\\\/ndavant.cat\\\/wp-content\\\/uploads\\\/2020\\\/05\\\/Logo-oficial-Ndavant.jpg\",\"width\":451,\"height\":451,\"caption\":\"Ndavant\"},\"image\":{\"@id\":\"https:\\\/\\\/ndavant.cat\\\/es\\\/#\\\/schema\\\/logo\\\/image\\\/\"},\"sameAs\":[\"https:\\\/\\\/x.com\\\/ndavant\",\"https:\\\/\\\/www.linkedin.com\\\/company\\\/10988666\\\/\"]},{\"@type\":\"Person\",\"@id\":\"https:\\\/\\\/ndavant.cat\\\/es\\\/#\\\/schema\\\/person\\\/d4328a870ef86ced80e0d1032a473a51\",\"name\":\"Comunicacio\",\"image\":{\"@type\":\"ImageObject\",\"inLanguage\":\"es\",\"@id\":\"https:\\\/\\\/secure.gravatar.com\\\/avatar\\\/c34842fbd822de3ca9a2f9d59c2faa5bfc475c83c2a1dedfa8f5348a1ff4e0cb?s=96&d=mm&r=g\",\"url\":\"https:\\\/\\\/secure.gravatar.com\\\/avatar\\\/c34842fbd822de3ca9a2f9d59c2faa5bfc475c83c2a1dedfa8f5348a1ff4e0cb?s=96&d=mm&r=g\",\"contentUrl\":\"https:\\\/\\\/secure.gravatar.com\\\/avatar\\\/c34842fbd822de3ca9a2f9d59c2faa5bfc475c83c2a1dedfa8f5348a1ff4e0cb?s=96&d=mm&r=g\",\"caption\":\"Comunicacio\"}}]}<\/script>\n<!-- \/ Yoast SEO plugin. -->","yoast_head_json":{"title":"Rosa Llamas: \u00abLa inclusi\u00f3n no puede ser un esfuerzo aislado\u00bb - NDAVANT | Serveis de neteja, manteniment i FM\/FS","description":"Ndavant colabora con ayuntamientos y entidades sociales locales para ofrecer oportunidades laborales inclusivas a colectivos vulnerables.","robots":{"index":"index","follow":"follow","max-snippet":"max-snippet:-1","max-image-preview":"max-image-preview:large","max-video-preview":"max-video-preview:-1"},"canonical":"https:\/\/ndavant.cat\/es\/rosa-llamas-la-inclusion-no-puede-ser-un-esfuerzo-aislado\/","og_locale":"es_ES","og_type":"article","og_title":"Rosa Llamas: \u00abLa inclusi\u00f3n no puede ser un esfuerzo aislado\u00bb - NDAVANT | Serveis de neteja, manteniment i FM\/FS","og_description":"Ndavant colabora con ayuntamientos y entidades sociales locales para ofrecer oportunidades laborales inclusivas a colectivos vulnerables.","og_url":"https:\/\/ndavant.cat\/es\/rosa-llamas-la-inclusion-no-puede-ser-un-esfuerzo-aislado\/","og_site_name":"NDAVANT | Serveis de neteja, manteniment i FM\/FS","article_published_time":"2025-12-20T09:30:12+00:00","article_modified_time":"2026-04-09T10:53:53+00:00","og_image":[{"width":800,"height":540,"url":"https:\/\/ndavant.cat\/wp-content\/uploads\/2026\/01\/Entrevista-a-Rosa-Llamas-responsable-Recursos-Humanos-Ndavant.jpg","type":"image\/jpeg"}],"author":"Comunicacio","twitter_card":"summary_large_image","twitter_creator":"@ndavant","twitter_site":"@ndavant","twitter_misc":{"Escrito por":"Comunicacio","Tiempo de lectura":"3 minutos"},"schema":{"@context":"https:\/\/schema.org","@graph":[{"@type":"Article","@id":"https:\/\/ndavant.cat\/es\/rosa-llamas-la-inclusion-no-puede-ser-un-esfuerzo-aislado\/#article","isPartOf":{"@id":"https:\/\/ndavant.cat\/es\/rosa-llamas-la-inclusion-no-puede-ser-un-esfuerzo-aislado\/"},"author":{"name":"Comunicacio","@id":"https:\/\/ndavant.cat\/es\/#\/schema\/person\/d4328a870ef86ced80e0d1032a473a51"},"headline":"Rosa Llamas: \u00abLa inclusi\u00f3n no puede ser un esfuerzo aislado\u00bb","datePublished":"2025-12-20T09:30:12+00:00","dateModified":"2026-04-09T10:53:53+00:00","mainEntityOfPage":{"@id":"https:\/\/ndavant.cat\/es\/rosa-llamas-la-inclusion-no-puede-ser-un-esfuerzo-aislado\/"},"wordCount":487,"commentCount":0,"publisher":{"@id":"https:\/\/ndavant.cat\/es\/#organization"},"image":{"@id":"https:\/\/ndavant.cat\/es\/rosa-llamas-la-inclusion-no-puede-ser-un-esfuerzo-aislado\/#primaryimage"},"thumbnailUrl":"https:\/\/ndavant.cat\/wp-content\/uploads\/2026\/01\/Entrevista-a-Rosa-Llamas-responsable-Recursos-Humanos-Ndavant.jpg","keywords":["diversidad","econom\u00eda social","inclusi\u00f3n","jornadas empresariales","modelos empresariales","ODS","Recursos Humanos","RSC"],"articleSection":["Portada","Responsabilidad Social"],"inLanguage":"es","potentialAction":[{"@type":"CommentAction","name":"Comment","target":["https:\/\/ndavant.cat\/es\/rosa-llamas-la-inclusion-no-puede-ser-un-esfuerzo-aislado\/#respond"]}]},{"@type":"WebPage","@id":"https:\/\/ndavant.cat\/es\/rosa-llamas-la-inclusion-no-puede-ser-un-esfuerzo-aislado\/","url":"https:\/\/ndavant.cat\/es\/rosa-llamas-la-inclusion-no-puede-ser-un-esfuerzo-aislado\/","name":"Rosa Llamas: \u00abLa inclusi\u00f3n no puede ser un esfuerzo aislado\u00bb - NDAVANT | Serveis de neteja, manteniment i FM\/FS","isPartOf":{"@id":"https:\/\/ndavant.cat\/es\/#website"},"primaryImageOfPage":{"@id":"https:\/\/ndavant.cat\/es\/rosa-llamas-la-inclusion-no-puede-ser-un-esfuerzo-aislado\/#primaryimage"},"image":{"@id":"https:\/\/ndavant.cat\/es\/rosa-llamas-la-inclusion-no-puede-ser-un-esfuerzo-aislado\/#primaryimage"},"thumbnailUrl":"https:\/\/ndavant.cat\/wp-content\/uploads\/2026\/01\/Entrevista-a-Rosa-Llamas-responsable-Recursos-Humanos-Ndavant.jpg","datePublished":"2025-12-20T09:30:12+00:00","dateModified":"2026-04-09T10:53:53+00:00","description":"Ndavant colabora con ayuntamientos y entidades sociales locales para ofrecer oportunidades laborales inclusivas a colectivos vulnerables.","breadcrumb":{"@id":"https:\/\/ndavant.cat\/es\/rosa-llamas-la-inclusion-no-puede-ser-un-esfuerzo-aislado\/#breadcrumb"},"inLanguage":"es","potentialAction":[{"@type":"ReadAction","target":["https:\/\/ndavant.cat\/es\/rosa-llamas-la-inclusion-no-puede-ser-un-esfuerzo-aislado\/"]}]},{"@type":"ImageObject","inLanguage":"es","@id":"https:\/\/ndavant.cat\/es\/rosa-llamas-la-inclusion-no-puede-ser-un-esfuerzo-aislado\/#primaryimage","url":"https:\/\/ndavant.cat\/wp-content\/uploads\/2026\/01\/Entrevista-a-Rosa-Llamas-responsable-Recursos-Humanos-Ndavant.jpg","contentUrl":"https:\/\/ndavant.cat\/wp-content\/uploads\/2026\/01\/Entrevista-a-Rosa-Llamas-responsable-Recursos-Humanos-Ndavant.jpg","width":800,"height":540,"caption":"Rosa Llamas: \u00abLa inclusi\u00f3n no puede ser un esfuerzo aislado\u00bb"},{"@type":"BreadcrumbList","@id":"https:\/\/ndavant.cat\/es\/rosa-llamas-la-inclusion-no-puede-ser-un-esfuerzo-aislado\/#breadcrumb","itemListElement":[{"@type":"ListItem","position":1,"name":"Inici","item":"https:\/\/ndavant.cat\/es\/"},{"@type":"ListItem","position":2,"name":"Rosa Llamas: \u00abLa inclusi\u00f3n no puede ser un esfuerzo aislado\u00bb"}]},{"@type":"WebSite","@id":"https:\/\/ndavant.cat\/es\/#website","url":"https:\/\/ndavant.cat\/es\/","name":"NDAVANT | Serveis de neteja, manteniment i FM\/FS","description":"Empresa de serveis de neteja, manteniment i facility services \/ facility management","publisher":{"@id":"https:\/\/ndavant.cat\/es\/#organization"},"potentialAction":[{"@type":"SearchAction","target":{"@type":"EntryPoint","urlTemplate":"https:\/\/ndavant.cat\/es\/?s={search_term_string}"},"query-input":{"@type":"PropertyValueSpecification","valueRequired":true,"valueName":"search_term_string"}}],"inLanguage":"es"},{"@type":"Organization","@id":"https:\/\/ndavant.cat\/es\/#organization","name":"Ndavant","url":"https:\/\/ndavant.cat\/es\/","logo":{"@type":"ImageObject","inLanguage":"es","@id":"https:\/\/ndavant.cat\/es\/#\/schema\/logo\/image\/","url":"https:\/\/ndavant.cat\/wp-content\/uploads\/2020\/05\/Logo-oficial-Ndavant.jpg","contentUrl":"https:\/\/ndavant.cat\/wp-content\/uploads\/2020\/05\/Logo-oficial-Ndavant.jpg","width":451,"height":451,"caption":"Ndavant"},"image":{"@id":"https:\/\/ndavant.cat\/es\/#\/schema\/logo\/image\/"},"sameAs":["https:\/\/x.com\/ndavant","https:\/\/www.linkedin.com\/company\/10988666\/"]},{"@type":"Person","@id":"https:\/\/ndavant.cat\/es\/#\/schema\/person\/d4328a870ef86ced80e0d1032a473a51","name":"Comunicacio","image":{"@type":"ImageObject","inLanguage":"es","@id":"https:\/\/secure.gravatar.com\/avatar\/c34842fbd822de3ca9a2f9d59c2faa5bfc475c83c2a1dedfa8f5348a1ff4e0cb?s=96&d=mm&r=g","url":"https:\/\/secure.gravatar.com\/avatar\/c34842fbd822de3ca9a2f9d59c2faa5bfc475c83c2a1dedfa8f5348a1ff4e0cb?s=96&d=mm&r=g","contentUrl":"https:\/\/secure.gravatar.com\/avatar\/c34842fbd822de3ca9a2f9d59c2faa5bfc475c83c2a1dedfa8f5348a1ff4e0cb?s=96&d=mm&r=g","caption":"Comunicacio"}}]}},"_links":{"self":[{"href":"https:\/\/ndavant.cat\/es\/wp-json\/wp\/v2\/posts\/5869","targetHints":{"allow":["GET"]}}],"collection":[{"href":"https:\/\/ndavant.cat\/es\/wp-json\/wp\/v2\/posts"}],"about":[{"href":"https:\/\/ndavant.cat\/es\/wp-json\/wp\/v2\/types\/post"}],"author":[{"embeddable":true,"href":"https:\/\/ndavant.cat\/es\/wp-json\/wp\/v2\/users\/4"}],"replies":[{"embeddable":true,"href":"https:\/\/ndavant.cat\/es\/wp-json\/wp\/v2\/comments?post=5869"}],"version-history":[{"count":10,"href":"https:\/\/ndavant.cat\/es\/wp-json\/wp\/v2\/posts\/5869\/revisions"}],"predecessor-version":[{"id":5924,"href":"https:\/\/ndavant.cat\/es\/wp-json\/wp\/v2\/posts\/5869\/revisions\/5924"}],"wp:featuredmedia":[{"embeddable":true,"href":"https:\/\/ndavant.cat\/es\/wp-json\/wp\/v2\/media\/5871"}],"wp:attachment":[{"href":"https:\/\/ndavant.cat\/es\/wp-json\/wp\/v2\/media?parent=5869"}],"wp:term":[{"taxonomy":"category","embeddable":true,"href":"https:\/\/ndavant.cat\/es\/wp-json\/wp\/v2\/categories?post=5869"},{"taxonomy":"post_tag","embeddable":true,"href":"https:\/\/ndavant.cat\/es\/wp-json\/wp\/v2\/tags?post=5869"}],"curies":[{"name":"wp","href":"https:\/\/api.w.org\/{rel}","templated":true}]}}